{"id":29771,"date":"2017-08-27T21:23:50","date_gmt":"2017-08-27T19:23:50","guid":{"rendered":"http:\/\/laura-la-risa.de.w01c716b.kasserver.com\/?p=29771"},"modified":"2017-09-19T23:29:02","modified_gmt":"2017-09-19T21:29:02","slug":"herzlich-willkommen-auf-der-neuen-website","status":"publish","type":"post","link":"https:\/\/laura-la-risa.de\/es\/herzlich-willkommen-auf-der-neuen-website","title":{"rendered":"Herzlich Willkommen auf der neuen Website"},"content":{"rendered":"<p class=\"StandardPapyrus\">Herzlich willkommen auf meiner neuen Website.<\/p>\n<p class=\"StandardPapyrus\">Aktuelle Unterrichtsangebote und -zeiten im <a href=\"http:\/\/acompas.de\">a comp\u00e1s<\/a> findest du unter <a href=\"http:\/\/laura-la-risa.de.w01c716b.kasserver.com\/unterricht\">Unterricht<\/a><b>.<br \/>\n<\/b>Alle anderen Events und Termine werden unter <a href=\"http:\/\/laura-la-risa.de.w01c716b.kasserver.com\/news\">News<\/a> gezeigt und bei <a href=\"https:\/\/www.facebook.com\/Laura.la.Risa.Flamencotanz\">Facebook<\/a> und co geteilt.<br \/>\nUm mich mit meiner Compa\u00f1ia oder Solo zu engagieren, gehe auf <a href=\"http:\/\/laura-la-risa.de.w01c716b.kasserver.com\/buchen\">Buchen<\/a>.<\/p>\n<p>Den aktuellen Flyer zum 2. Halbjahr ab September 2017 findest du <a href=\"http:\/\/laura-la-risa.de.w01c716b.kasserver.com\/wp-content\/uploads\/2017\/08\/2017-09-01-12-23-2.Halbjahr-17-1.pdf\">hier<\/a>.<\/p>\n<p>Hast du ein Problem mit der Nutzung unserer Website? Schreib mir eine <a href=\"mailto:info@laura-la-risa.de\">Mail<\/a><\/p>\n<p class=\"StandardPapyrus\">Liebe Gr\u00fc\u00dfe,<br \/>\nLaura la Risa<\/p>\n","protected":false},"excerpt":{"rendered":"<p>Herzlich willkommen auf meiner neuen Website. Aktuelle Unterrichtsangebote und -zeiten im a comp\u00e1s findest du unter Unterricht. Alle anderen Events und Termine werden unter News gezeigt und bei Facebook und co geteilt. Um mich mit meiner Compa\u00f1ia oder Solo zu engagieren, gehe auf Buchen. Den aktuellen Flyer zum 2. Halbjahr ab September 2017 findest du [&hellip;]<\/p>\n","protected":false},"author":1,"featured_media":28722,"comment_status":"open","ping_status":"open","sticky":false,"template":"","format":"standard","meta":{"_et_pb_use_builder":"","_et_pb_old_content":"","_et_gb_content_width":"","_jetpack_memberships_contains_paid_content":false,"footnotes":"","jetpack_publicize_message":"","jetpack_publicize_feature_enabled":true,"jetpack_social_post_already_shared":true,"jetpack_social_options":{"image_generator_settings":{"template":"highway","default_image_id":0,"font":"","enabled":false},"version":2}},"categories":[20],"tags":[],"class_list":["post-29771","post","type-post","status-publish","format-standard","has-post-thumbnail","hentry","category-information"],"yoast_head":"<!-- This site is optimized with the Yoast SEO plugin v26.8 - https:\/\/yoast.com\/product\/yoast-seo-wordpress\/ -->\n<title>Herzlich Willkommen auf der neuen Website - Laura la Risa<\/title>\n<meta name=\"robots\" content=\"index, follow, max-snippet:-1, max-image-preview:large, max-video-preview:-1\" \/>\n<link rel=\"canonical\" href=\"https:\/\/laura-la-risa.de\/es\/herzlich-willkommen-auf-der-neuen-website\" \/>\n<meta property=\"og:locale\" content=\"es_ES\" \/>\n<meta property=\"og:type\" content=\"article\" \/>\n<meta property=\"og:title\" content=\"Herzlich Willkommen auf der neuen Website - Laura la Risa\" \/>\n<meta property=\"og:description\" content=\"Herzlich willkommen auf meiner neuen Website. Aktuelle Unterrichtsangebote und -zeiten im a comp\u00e1s findest du unter Unterricht. Alle anderen Events und Termine werden unter News gezeigt und bei Facebook und co geteilt. Um mich mit meiner Compa\u00f1ia oder Solo zu engagieren, gehe auf Buchen. Den aktuellen Flyer zum 2. Halbjahr ab September 2017 findest du [&hellip;]\" \/>\n<meta property=\"og:url\" content=\"https:\/\/laura-la-risa.de\/es\/herzlich-willkommen-auf-der-neuen-website\" \/>\n<meta property=\"og:site_name\" content=\"Laura la Risa\" \/>\n<meta property=\"article:published_time\" content=\"2017-08-27T19:23:50+00:00\" \/>\n<meta property=\"article:modified_time\" content=\"2017-09-19T21:29:02+00:00\" \/>\n<meta property=\"og:image\" content=\"https:\/\/i0.wp.com\/laura-la-risa.de\/wp-content\/uploads\/2016\/09\/laura-la-risa-1024x684.jpg?fit=1024%2C684&ssl=1\" \/>\n\t<meta property=\"og:image:width\" content=\"1024\" \/>\n\t<meta property=\"og:image:height\" content=\"684\" \/>\n\t<meta property=\"og:image:type\" content=\"image\/jpeg\" \/>\n<meta name=\"author\" content=\"Emilio\" \/>\n<meta name=\"twitter:card\" content=\"summary_large_image\" \/>\n<meta name=\"twitter:label1\" content=\"Escrito por\" \/>\n\t<meta name=\"twitter:data1\" content=\"Emilio\" \/>\n<script type=\"application\/ld+json\" class=\"yoast-schema-graph\">{\"@context\":\"https:\/\/schema.org\",\"@graph\":[{\"@type\":\"Article\",\"@id\":\"https:\/\/laura-la-risa.de\/es\/herzlich-willkommen-auf-der-neuen-website#article\",\"isPartOf\":{\"@id\":\"https:\/\/laura-la-risa.de\/es\/herzlich-willkommen-auf-der-neuen-website\"},\"author\":{\"name\":\"Emilio\",\"@id\":\"https:\/\/laura-la-risa.de\/#\/schema\/person\/8d3e1554bc4fc353e0c34589d1ca1c7a\"},\"headline\":\"Herzlich Willkommen auf der neuen Website\",\"datePublished\":\"2017-08-27T19:23:50+00:00\",\"dateModified\":\"2017-09-19T21:29:02+00:00\",\"mainEntityOfPage\":{\"@id\":\"https:\/\/laura-la-risa.de\/es\/herzlich-willkommen-auf-der-neuen-website\"},\"wordCount\":81,\"commentCount\":0,\"image\":{\"@id\":\"https:\/\/laura-la-risa.de\/es\/herzlich-willkommen-auf-der-neuen-website#primaryimage\"},\"thumbnailUrl\":\"https:\/\/i0.wp.com\/laura-la-risa.de\/wp-content\/uploads\/2016\/09\/laura-la-risa-1024x684.jpg?fit=1024%2C684&ssl=1\",\"articleSection\":[\"Information\"],\"inLanguage\":\"es\",\"potentialAction\":[{\"@type\":\"CommentAction\",\"name\":\"Comment\",\"target\":[\"https:\/\/laura-la-risa.de\/es\/herzlich-willkommen-auf-der-neuen-website#respond\"]}]},{\"@type\":\"WebPage\",\"@id\":\"https:\/\/laura-la-risa.de\/es\/herzlich-willkommen-auf-der-neuen-website\",\"url\":\"https:\/\/laura-la-risa.de\/es\/herzlich-willkommen-auf-der-neuen-website\",\"name\":\"Herzlich Willkommen auf der neuen Website - Laura la Risa\",\"isPartOf\":{\"@id\":\"https:\/\/laura-la-risa.de\/#website\"},\"primaryImageOfPage\":{\"@id\":\"https:\/\/laura-la-risa.de\/es\/herzlich-willkommen-auf-der-neuen-website#primaryimage\"},\"image\":{\"@id\":\"https:\/\/laura-la-risa.de\/es\/herzlich-willkommen-auf-der-neuen-website#primaryimage\"},\"thumbnailUrl\":\"https:\/\/i0.wp.com\/laura-la-risa.de\/wp-content\/uploads\/2016\/09\/laura-la-risa-1024x684.jpg?fit=1024%2C684&ssl=1\",\"datePublished\":\"2017-08-27T19:23:50+00:00\",\"dateModified\":\"2017-09-19T21:29:02+00:00\",\"author\":{\"@id\":\"https:\/\/laura-la-risa.de\/#\/schema\/person\/8d3e1554bc4fc353e0c34589d1ca1c7a\"},\"breadcrumb\":{\"@id\":\"https:\/\/laura-la-risa.de\/es\/herzlich-willkommen-auf-der-neuen-website#breadcrumb\"},\"inLanguage\":\"es\",\"potentialAction\":[{\"@type\":\"ReadAction\",\"target\":[\"https:\/\/laura-la-risa.de\/es\/herzlich-willkommen-auf-der-neuen-website\"]}]},{\"@type\":\"ImageObject\",\"inLanguage\":\"es\",\"@id\":\"https:\/\/laura-la-risa.de\/es\/herzlich-willkommen-auf-der-neuen-website#primaryimage\",\"url\":\"https:\/\/i0.wp.com\/laura-la-risa.de\/wp-content\/uploads\/2016\/09\/laura-la-risa-1024x684.jpg?fit=1024%2C684&ssl=1\",\"contentUrl\":\"https:\/\/i0.wp.com\/laura-la-risa.de\/wp-content\/uploads\/2016\/09\/laura-la-risa-1024x684.jpg?fit=1024%2C684&ssl=1\",\"width\":1024,\"height\":684},{\"@type\":\"BreadcrumbList\",\"@id\":\"https:\/\/laura-la-risa.de\/es\/herzlich-willkommen-auf-der-neuen-website#breadcrumb\",\"itemListElement\":[{\"@type\":\"ListItem\",\"position\":1,\"name\":\"Startseite\",\"item\":\"https:\/\/laura-la-risa.de\/es\"},{\"@type\":\"ListItem\",\"position\":2,\"name\":\"Herzlich Willkommen auf der neuen Website\"}]},{\"@type\":\"WebSite\",\"@id\":\"https:\/\/laura-la-risa.de\/#website\",\"url\":\"https:\/\/laura-la-risa.de\/\",\"name\":\"Laura la Risa\",\"description\":\"flamenco puro\",\"potentialAction\":[{\"@type\":\"SearchAction\",\"target\":{\"@type\":\"EntryPoint\",\"urlTemplate\":\"https:\/\/laura-la-risa.de\/?s={search_term_string}\"},\"query-input\":{\"@type\":\"PropertyValueSpecification\",\"valueRequired\":true,\"valueName\":\"search_term_string\"}}],\"inLanguage\":\"es\"},{\"@type\":\"Person\",\"@id\":\"https:\/\/laura-la-risa.de\/#\/schema\/person\/8d3e1554bc4fc353e0c34589d1ca1c7a\",\"name\":\"Emilio\",\"image\":{\"@type\":\"ImageObject\",\"inLanguage\":\"es\",\"@id\":\"https:\/\/laura-la-risa.de\/#\/schema\/person\/image\/\",\"url\":\"https:\/\/secure.gravatar.com\/avatar\/71bf4ba9e8d4ab29e6a45a65e6fa217b?s=96&d=mm&r=g\",\"contentUrl\":\"https:\/\/secure.gravatar.com\/avatar\/71bf4ba9e8d4ab29e6a45a65e6fa217b?s=96&d=mm&r=g\",\"caption\":\"Emilio\"},\"url\":\"https:\/\/laura-la-risa.de\/es\/author\/emilio\"}]}<\/script>\n<!-- \/ Yoast SEO plugin. -->","yoast_head_json":{"title":"Herzlich Willkommen auf der neuen Website - Laura la Risa","robots":{"index":"index","follow":"follow","max-snippet":"max-snippet:-1","max-image-preview":"max-image-preview:large","max-video-preview":"max-video-preview:-1"},"canonical":"https:\/\/laura-la-risa.de\/es\/herzlich-willkommen-auf-der-neuen-website","og_locale":"es_ES","og_type":"article","og_title":"Herzlich Willkommen auf der neuen Website - Laura la Risa","og_description":"Herzlich willkommen auf meiner neuen Website. Aktuelle Unterrichtsangebote und -zeiten im a comp\u00e1s findest du unter Unterricht. Alle anderen Events und Termine werden unter News gezeigt und bei Facebook und co geteilt. Um mich mit meiner Compa\u00f1ia oder Solo zu engagieren, gehe auf Buchen. Den aktuellen Flyer zum 2. Halbjahr ab September 2017 findest du [&hellip;]","og_url":"https:\/\/laura-la-risa.de\/es\/herzlich-willkommen-auf-der-neuen-website","og_site_name":"Laura la Risa","article_published_time":"2017-08-27T19:23:50+00:00","article_modified_time":"2017-09-19T21:29:02+00:00","og_image":[{"width":1024,"height":684,"url":"https:\/\/i0.wp.com\/laura-la-risa.de\/wp-content\/uploads\/2016\/09\/laura-la-risa-1024x684.jpg?fit=1024%2C684&ssl=1","type":"image\/jpeg"}],"author":"Emilio","twitter_card":"summary_large_image","twitter_misc":{"Escrito por":"Emilio"},"schema":{"@context":"https:\/\/schema.org","@graph":[{"@type":"Article","@id":"https:\/\/laura-la-risa.de\/es\/herzlich-willkommen-auf-der-neuen-website#article","isPartOf":{"@id":"https:\/\/laura-la-risa.de\/es\/herzlich-willkommen-auf-der-neuen-website"},"author":{"name":"Emilio","@id":"https:\/\/laura-la-risa.de\/#\/schema\/person\/8d3e1554bc4fc353e0c34589d1ca1c7a"},"headline":"Herzlich Willkommen auf der neuen Website","datePublished":"2017-08-27T19:23:50+00:00","dateModified":"2017-09-19T21:29:02+00:00","mainEntityOfPage":{"@id":"https:\/\/laura-la-risa.de\/es\/herzlich-willkommen-auf-der-neuen-website"},"wordCount":81,"commentCount":0,"image":{"@id":"https:\/\/laura-la-risa.de\/es\/herzlich-willkommen-auf-der-neuen-website#primaryimage"},"thumbnailUrl":"https:\/\/i0.wp.com\/laura-la-risa.de\/wp-content\/uploads\/2016\/09\/laura-la-risa-1024x684.jpg?fit=1024%2C684&ssl=1","articleSection":["Information"],"inLanguage":"es","potentialAction":[{"@type":"CommentAction","name":"Comment","target":["https:\/\/laura-la-risa.de\/es\/herzlich-willkommen-auf-der-neuen-website#respond"]}]},{"@type":"WebPage","@id":"https:\/\/laura-la-risa.de\/es\/herzlich-willkommen-auf-der-neuen-website","url":"https:\/\/laura-la-risa.de\/es\/herzlich-willkommen-auf-der-neuen-website","name":"Herzlich Willkommen auf der neuen Website - Laura la Risa","isPartOf":{"@id":"https:\/\/laura-la-risa.de\/#website"},"primaryImageOfPage":{"@id":"https:\/\/laura-la-risa.de\/es\/herzlich-willkommen-auf-der-neuen-website#primaryimage"},"image":{"@id":"https:\/\/laura-la-risa.de\/es\/herzlich-willkommen-auf-der-neuen-website#primaryimage"},"thumbnailUrl":"https:\/\/i0.wp.com\/laura-la-risa.de\/wp-content\/uploads\/2016\/09\/laura-la-risa-1024x684.jpg?fit=1024%2C684&ssl=1","datePublished":"2017-08-27T19:23:50+00:00","dateModified":"2017-09-19T21:29:02+00:00","author":{"@id":"https:\/\/laura-la-risa.de\/#\/schema\/person\/8d3e1554bc4fc353e0c34589d1ca1c7a"},"breadcrumb":{"@id":"https:\/\/laura-la-risa.de\/es\/herzlich-willkommen-auf-der-neuen-website#breadcrumb"},"inLanguage":"es","potentialAction":[{"@type":"ReadAction","target":["https:\/\/laura-la-risa.de\/es\/herzlich-willkommen-auf-der-neuen-website"]}]},{"@type":"ImageObject","inLanguage":"es","@id":"https:\/\/laura-la-risa.de\/es\/herzlich-willkommen-auf-der-neuen-website#primaryimage","url":"https:\/\/i0.wp.com\/laura-la-risa.de\/wp-content\/uploads\/2016\/09\/laura-la-risa-1024x684.jpg?fit=1024%2C684&ssl=1","contentUrl":"https:\/\/i0.wp.com\/laura-la-risa.de\/wp-content\/uploads\/2016\/09\/laura-la-risa-1024x684.jpg?fit=1024%2C684&ssl=1","width":1024,"height":684},{"@type":"BreadcrumbList","@id":"https:\/\/laura-la-risa.de\/es\/herzlich-willkommen-auf-der-neuen-website#breadcrumb","itemListElement":[{"@type":"ListItem","position":1,"name":"Startseite","item":"https:\/\/laura-la-risa.de\/es"},{"@type":"ListItem","position":2,"name":"Herzlich Willkommen auf der neuen Website"}]},{"@type":"WebSite","@id":"https:\/\/laura-la-risa.de\/#website","url":"https:\/\/laura-la-risa.de\/","name":"Laura la Risa","description":"flamenco puro","potentialAction":[{"@type":"SearchAction","target":{"@type":"EntryPoint","urlTemplate":"https:\/\/laura-la-risa.de\/?s={search_term_string}"},"query-input":{"@type":"PropertyValueSpecification","valueRequired":true,"valueName":"search_term_string"}}],"inLanguage":"es"},{"@type":"Person","@id":"https:\/\/laura-la-risa.de\/#\/schema\/person\/8d3e1554bc4fc353e0c34589d1ca1c7a","name":"Emilio","image":{"@type":"ImageObject","inLanguage":"es","@id":"https:\/\/laura-la-risa.de\/#\/schema\/person\/image\/","url":"https:\/\/secure.gravatar.com\/avatar\/71bf4ba9e8d4ab29e6a45a65e6fa217b?s=96&d=mm&r=g","contentUrl":"https:\/\/secure.gravatar.com\/avatar\/71bf4ba9e8d4ab29e6a45a65e6fa217b?s=96&d=mm&r=g","caption":"Emilio"},"url":"https:\/\/laura-la-risa.de\/es\/author\/emilio"}]}},"jetpack_publicize_connections":[],"jetpack_featured_media_url":"https:\/\/i0.wp.com\/laura-la-risa.de\/wp-content\/uploads\/2016\/09\/laura-la-risa-1024x684.jpg?fit=1024%2C684&ssl=1","jetpack_sharing_enabled":true,"jetpack_shortlink":"https:\/\/wp.me\/p972UP-7Kb","jetpack-related-posts":[{"id":31328,"url":"https:\/\/laura-la-risa.de\/es\/aktuelle-flamencokurse","url_meta":{"origin":29771,"position":0},"title":"Aktuelle Flamencokurse","author":"Emilio","date":"13. junio 2021","format":false,"excerpt":"Liebe Sch\u00fcler*innen, liebe Eltern, Die erste Woche der \u00d6ffnung der Tanzschulen liegt hinter uns. Es war ein sch\u00f6ner Beginn f\u00fcr alle die da waren!\u00a0Weiterhin werde ich auch in der n\u00e4chsten Woche noch einige Kurse parallel anbieten. Das hei\u00dft: Herzlich willkommen im Gruppenunterricht im a comp\u00e1s! Anmelden - Testen - Teilnehmen!\u2026","rel":"","context":"En \u00abProgramm\u00bb","block_context":{"text":"Programm","link":"https:\/\/laura-la-risa.de\/category\/programm"},"img":{"alt_text":"","src":"https:\/\/i0.wp.com\/laura-la-risa.de\/wp-content\/uploads\/2021\/06\/aktuelle-tanzkurse.jpg?fit=1033%2C690&ssl=1&resize=350%2C200","width":350,"height":200,"srcset":"https:\/\/i0.wp.com\/laura-la-risa.de\/wp-content\/uploads\/2021\/06\/aktuelle-tanzkurse.jpg?fit=1033%2C690&ssl=1&resize=350%2C200 1x, https:\/\/i0.wp.com\/laura-la-risa.de\/wp-content\/uploads\/2021\/06\/aktuelle-tanzkurse.jpg?fit=1033%2C690&ssl=1&resize=525%2C300 1.5x, https:\/\/i0.wp.com\/laura-la-risa.de\/wp-content\/uploads\/2021\/06\/aktuelle-tanzkurse.jpg?fit=1033%2C690&ssl=1&resize=700%2C400 2x"},"classes":[]},{"id":31356,"url":"https:\/\/laura-la-risa.de\/es\/aktuelle-kurse","url_meta":{"origin":29771,"position":1},"title":"Aktuelle Kurse","author":"Emilio","date":"28. junio 2021","format":false,"excerpt":"Liebe Sch\u00fcler*innen, liebe Eltern, In den berliner Schulferien werde ich einige Kurse parallel anbieten, im Studio und gleichzeitig online. Herzlich willkommen im Gruppenunterricht im a comp\u00e1s! F\u00fcr alle - KINDER und ERWACHSENE - die am Umzug zum Karneval der Kulturen am 15.08.21 mitlaufen m\u00f6chten, biete ich einen Trainingstermin f\u00fcr alle\u2026","rel":"","context":"En \u00abProgramm\u00bb","block_context":{"text":"Programm","link":"https:\/\/laura-la-risa.de\/category\/programm"},"img":{"alt_text":"","src":"https:\/\/i0.wp.com\/laura-la-risa.de\/wp-content\/uploads\/2021\/06\/laura-la-risa-flamenco-tanz.jpg?fit=468%2C624&ssl=1&resize=350%2C200","width":350,"height":200},"classes":[]},{"id":31351,"url":"https:\/\/laura-la-risa.de\/es\/aktuelle-flamencokurse-2","url_meta":{"origin":29771,"position":2},"title":"Aktuelle Flamencokurse","author":"Emilio","date":"21. junio 2021","format":false,"excerpt":"Liebe Sch\u00fcler*innen, liebe Eltern, Die zweite Woche der \u00d6ffnung der Tanzschulen liegt hinter uns und es ist Sommer geworden! Am 24.06. beginnen die berliner Schulferien... bitte gebt kurz Bescheid, wann Ihr im Urlaub seid. Das Studio ist im Wiederaufbau und w\u00fcrde gerne auch \u00fcber die Schulferien Unterricht geben. Wenn aber\u2026","rel":"","context":"En \u00abProgramm\u00bb","block_context":{"text":"Programm","link":"https:\/\/laura-la-risa.de\/category\/programm"},"img":{"alt_text":"","src":"https:\/\/i0.wp.com\/laura-la-risa.de\/wp-content\/uploads\/2021\/06\/flamencokurse-laura-la-risa.jpg?fit=690%2C460&ssl=1&resize=350%2C200","width":350,"height":200,"srcset":"https:\/\/i0.wp.com\/laura-la-risa.de\/wp-content\/uploads\/2021\/06\/flamencokurse-laura-la-risa.jpg?fit=690%2C460&ssl=1&resize=350%2C200 1x, https:\/\/i0.wp.com\/laura-la-risa.de\/wp-content\/uploads\/2021\/06\/flamencokurse-laura-la-risa.jpg?fit=690%2C460&ssl=1&resize=525%2C300 1.5x"},"classes":[]},{"id":32915,"url":"https:\/\/laura-la-risa.de\/es\/flamenco-im-herbst","url_meta":{"origin":29771,"position":3},"title":"Flamenco im Herbst","author":"Emilio","date":"20. septiembre 2025","format":false,"excerpt":"Liebe Kinder, liebe Eltern, liebe Tanzbegeisterte, das Jahr geht langsam in den Herbst. Hoffentlich sind alle Schulkinder gl\u00fccklich eingeschult und starten mit uns in die zweite Runde des Jahres. Es gibt ein neues Programm f\u00fcr den Unterricht und die Aktivit\u00e4ten, an denen alle teilhaben k\u00f6nnen. Karten f\u00fcr Veranstaltungen k\u00f6nnen schon\u2026","rel":"","context":"En \u00abProgramm\u00bb","block_context":{"text":"Programm","link":"https:\/\/laura-la-risa.de\/category\/programm"},"img":{"alt_text":"","src":"https:\/\/i0.wp.com\/laura-la-risa.de\/wp-content\/uploads\/2021\/09\/88430443-9C55-44D3-9A2E-A359D8B79131.jpeg?fit=991%2C1200&ssl=1&resize=350%2C200","width":350,"height":200,"srcset":"https:\/\/i0.wp.com\/laura-la-risa.de\/wp-content\/uploads\/2021\/09\/88430443-9C55-44D3-9A2E-A359D8B79131.jpeg?fit=991%2C1200&ssl=1&resize=350%2C200 1x, https:\/\/i0.wp.com\/laura-la-risa.de\/wp-content\/uploads\/2021\/09\/88430443-9C55-44D3-9A2E-A359D8B79131.jpeg?fit=991%2C1200&ssl=1&resize=525%2C300 1.5x, https:\/\/i0.wp.com\/laura-la-risa.de\/wp-content\/uploads\/2021\/09\/88430443-9C55-44D3-9A2E-A359D8B79131.jpeg?fit=991%2C1200&ssl=1&resize=700%2C400 2x"},"classes":[]},{"id":32963,"url":"https:\/\/laura-la-risa.de\/es\/weihnachtsfest-der-tanzschritte","url_meta":{"origin":29771,"position":4},"title":"Weihnachtsfest der Tanzschritte","author":"Emilio","date":"17. noviembre 2025","format":false,"excerpt":"\ud83c\udf84\u2728 Weihnachtsfest der \u201eTanzschritte\u201c \u2728\ud83c\udf84Von und f\u00fcr Menschen mit geistigen & psychischen Behinderungen Seit 2005 finden die Kurse \u201eTanzschritte\u201c f\u00fcr Menschen mit geistigen und psychischen Behinderungen unter der Leitung von Laura la Risa im a comp\u00e1s studio & location statt. Mit gro\u00dfer Freude laden wir euch auch dieses Jahr zu\u2026","rel":"","context":"En \u00abFlamencoauftritt\u00bb","block_context":{"text":"Flamencoauftritt","link":"https:\/\/laura-la-risa.de\/category\/flamencoauftritt"},"img":{"alt_text":"","src":"https:\/\/i0.wp.com\/laura-la-risa.de\/wp-content\/uploads\/2025\/11\/29-11-Tanzschritte-v.png?fit=1200%2C848&ssl=1&resize=350%2C200","width":350,"height":200,"srcset":"https:\/\/i0.wp.com\/laura-la-risa.de\/wp-content\/uploads\/2025\/11\/29-11-Tanzschritte-v.png?fit=1200%2C848&ssl=1&resize=350%2C200 1x, https:\/\/i0.wp.com\/laura-la-risa.de\/wp-content\/uploads\/2025\/11\/29-11-Tanzschritte-v.png?fit=1200%2C848&ssl=1&resize=525%2C300 1.5x, https:\/\/i0.wp.com\/laura-la-risa.de\/wp-content\/uploads\/2025\/11\/29-11-Tanzschritte-v.png?fit=1200%2C848&ssl=1&resize=700%2C400 2x, https:\/\/i0.wp.com\/laura-la-risa.de\/wp-content\/uploads\/2025\/11\/29-11-Tanzschritte-v.png?fit=1200%2C848&ssl=1&resize=1050%2C600 3x"},"classes":[]},{"id":30924,"url":"https:\/\/laura-la-risa.de\/es\/sevillanas-disco-am-06-maerz","url_meta":{"origin":29771,"position":5},"title":"Sevillanas Disco am 06. M\u00e4rz","author":"Emilio","date":"28. febrero 2020","format":false,"excerpt":"Anleitung: 18.00 \u2013 19.00 Uhr, Kosten: 8,-\u20ac * Disco: 19.00 \u2013 22.00 Uhr * ab 19.00 Uhr Spende erw\u00fcnscht Wolltest du schon immer gerne Flamenco tanzen, hast aber Angst vor einer gro\u00dfen B\u00fchne? Dann komm vorbei zu unserer Sevillanas-Disco! Hier kannst du unter Anleitung von Laura la Risa in entspannter\u2026","rel":"","context":"En \u00abFlamencoabend\u00bb","block_context":{"text":"Flamencoabend","link":"https:\/\/laura-la-risa.de\/category\/flamencoabend"},"img":{"alt_text":"","src":"https:\/\/i0.wp.com\/laura-la-risa.de\/wp-content\/uploads\/2020\/01\/sevillanas.jpg?fit=960%2C641&ssl=1&resize=350%2C200","width":350,"height":200,"srcset":"https:\/\/i0.wp.com\/laura-la-risa.de\/wp-content\/uploads\/2020\/01\/sevillanas.jpg?fit=960%2C641&ssl=1&resize=350%2C200 1x, https:\/\/i0.wp.com\/laura-la-risa.de\/wp-content\/uploads\/2020\/01\/sevillanas.jpg?fit=960%2C641&ssl=1&resize=525%2C300 1.5x, https:\/\/i0.wp.com\/laura-la-risa.de\/wp-content\/uploads\/2020\/01\/sevillanas.jpg?fit=960%2C641&ssl=1&resize=700%2C400 2x"},"classes":[]}],"jetpack_likes_enabled":true,"_links":{"self":[{"href":"https:\/\/laura-la-risa.de\/es\/wp-json\/wp\/v2\/posts\/29771","targetHints":{"allow":["GET"]}}],"collection":[{"href":"https:\/\/laura-la-risa.de\/es\/wp-json\/wp\/v2\/posts"}],"about":[{"href":"https:\/\/laura-la-risa.de\/es\/wp-json\/wp\/v2\/types\/post"}],"author":[{"embeddable":true,"href":"https:\/\/laura-la-risa.de\/es\/wp-json\/wp\/v2\/users\/1"}],"replies":[{"embeddable":true,"href":"https:\/\/laura-la-risa.de\/es\/wp-json\/wp\/v2\/comments?post=29771"}],"version-history":[{"count":3,"href":"https:\/\/laura-la-risa.de\/es\/wp-json\/wp\/v2\/posts\/29771\/revisions"}],"predecessor-version":[{"id":29925,"href":"https:\/\/laura-la-risa.de\/es\/wp-json\/wp\/v2\/posts\/29771\/revisions\/29925"}],"wp:featuredmedia":[{"embeddable":true,"href":"https:\/\/laura-la-risa.de\/es\/wp-json\/wp\/v2\/media\/28722"}],"wp:attachment":[{"href":"https:\/\/laura-la-risa.de\/es\/wp-json\/wp\/v2\/media?parent=29771"}],"wp:term":[{"taxonomy":"category","embeddable":true,"href":"https:\/\/laura-la-risa.de\/es\/wp-json\/wp\/v2\/categories?post=29771"},{"taxonomy":"post_tag","embeddable":true,"href":"https:\/\/laura-la-risa.de\/es\/wp-json\/wp\/v2\/tags?post=29771"}],"curies":[{"name":"wp","href":"https:\/\/api.w.org\/{rel}","templated":true}]}}