{"id":29882,"date":"2017-09-10T23:19:47","date_gmt":"2017-09-10T21:19:47","guid":{"rendered":"http:\/\/laura-la-risa.de.w01c716b.kasserver.com?p=29882"},"modified":"2017-09-10T23:19:47","modified_gmt":"2017-09-10T21:19:47","slug":"sevillanas-disco-am-15-september","status":"publish","type":"post","link":"https:\/\/laura-la-risa.de\/es\/sevillanas-disco-am-15-september","title":{"rendered":"Sevillanas Disco am 15. September"},"content":{"rendered":"<p><strong>El 15. de septiembre es hora de reunirse! Sevillanas Disco para todos!<\/strong><\/p>\n<p>Instrucciones: 18.00 \u2013 19.00 horas, costo: 8,-\u20ac<br \/>\nDisco: 19.00 \u2013 22.00 hora<br \/>\n* a patir de 19.00 hora donaci\u00f3n deseada<\/p>\n<p>Aqu\u00ed se puede poner al d\u00eda sus habilidades. S\u00f3lo unirse. aprender un poco bailar Sevillanas, bailar durante horas, aqu\u00ed se puede sentir como si estuvieras en Andaluc\u00eda en la discoteca y\u00a0sobre todo conocer a otros que disfrutan bailando!<\/p>\n","protected":false},"excerpt":{"rendered":"<p>El 15. de septiembre es hora de reunirse! Sevillanas Disco para todos! Instrucciones: 18.00 \u2013 19.00 horas, costo: 8,-\u20ac Disco: 19.00 \u2013 22.00 hora * a patir de 19.00 hora donaci\u00f3n deseada Aqu\u00ed se puede poner al d\u00eda sus habilidades. S\u00f3lo unirse. aprender un poco bailar Sevillanas, bailar durante horas, aqu\u00ed se puede sentir como [&hellip;]<\/p>\n","protected":false},"author":1,"featured_media":29164,"comment_status":"open","ping_status":"open","sticky":false,"template":"","format":"standard","meta":{"_et_pb_use_builder":"","_et_pb_old_content":"","_et_gb_content_width":"","_jetpack_memberships_contains_paid_content":false,"footnotes":"","jetpack_publicize_message":"","jetpack_publicize_feature_enabled":true,"jetpack_social_post_already_shared":true,"jetpack_social_options":{"image_generator_settings":{"template":"highway","default_image_id":0,"font":"","enabled":false},"version":2}},"categories":[18],"tags":[],"class_list":["post-29882","post","type-post","status-publish","format-standard","has-post-thumbnail","hentry","category-noche-de-flamenco"],"yoast_head":"<!-- This site is optimized with the Yoast SEO plugin v26.8 - https:\/\/yoast.com\/product\/yoast-seo-wordpress\/ -->\n<title>Sevillanas Disco am 15. September - Laura la Risa<\/title>\n<meta name=\"robots\" content=\"index, follow, max-snippet:-1, max-image-preview:large, max-video-preview:-1\" \/>\n<link rel=\"canonical\" href=\"https:\/\/laura-la-risa.de\/es\/sevillanas-disco-am-15-september\" \/>\n<meta property=\"og:locale\" content=\"es_ES\" \/>\n<meta property=\"og:type\" content=\"article\" \/>\n<meta property=\"og:title\" content=\"Sevillanas Disco am 15. September - Laura la Risa\" \/>\n<meta property=\"og:description\" content=\"El 15. de septiembre es hora de reunirse! Sevillanas Disco para todos! Instrucciones: 18.00 \u2013 19.00 horas, costo: 8,-\u20ac Disco: 19.00 \u2013 22.00 hora * a patir de 19.00 hora donaci\u00f3n deseada Aqu\u00ed se puede poner al d\u00eda sus habilidades. S\u00f3lo unirse. aprender un poco bailar Sevillanas, bailar durante horas, aqu\u00ed se puede sentir como [&hellip;]\" \/>\n<meta property=\"og:url\" content=\"https:\/\/laura-la-risa.de\/es\/sevillanas-disco-am-15-september\" \/>\n<meta property=\"og:site_name\" content=\"Laura la Risa\" \/>\n<meta property=\"article:published_time\" content=\"2017-09-10T21:19:47+00:00\" \/>\n<meta property=\"og:image\" content=\"https:\/\/i0.wp.com\/laura-la-risa.de\/wp-content\/uploads\/2016\/09\/sevillanas.jpg?fit=340%2C340&ssl=1\" \/>\n\t<meta property=\"og:image:width\" content=\"340\" \/>\n\t<meta property=\"og:image:height\" content=\"340\" \/>\n\t<meta property=\"og:image:type\" content=\"image\/jpeg\" \/>\n<meta name=\"author\" content=\"Emilio\" \/>\n<meta name=\"twitter:card\" content=\"summary_large_image\" \/>\n<meta name=\"twitter:label1\" content=\"Escrito por\" \/>\n\t<meta name=\"twitter:data1\" content=\"Emilio\" \/>\n<script type=\"application\/ld+json\" class=\"yoast-schema-graph\">{\"@context\":\"https:\/\/schema.org\",\"@graph\":[{\"@type\":\"Article\",\"@id\":\"https:\/\/laura-la-risa.de\/es\/sevillanas-disco-am-15-september#article\",\"isPartOf\":{\"@id\":\"https:\/\/laura-la-risa.de\/es\/sevillanas-disco-am-15-september\"},\"author\":{\"name\":\"Emilio\",\"@id\":\"https:\/\/laura-la-risa.de\/#\/schema\/person\/8d3e1554bc4fc353e0c34589d1ca1c7a\"},\"headline\":\"Sevillanas Disco am 15. September\",\"datePublished\":\"2017-09-10T21:19:47+00:00\",\"mainEntityOfPage\":{\"@id\":\"https:\/\/laura-la-risa.de\/es\/sevillanas-disco-am-15-september\"},\"wordCount\":70,\"commentCount\":0,\"image\":{\"@id\":\"https:\/\/laura-la-risa.de\/es\/sevillanas-disco-am-15-september#primaryimage\"},\"thumbnailUrl\":\"https:\/\/i0.wp.com\/laura-la-risa.de\/wp-content\/uploads\/2016\/09\/sevillanas.jpg?fit=340%2C340&ssl=1\",\"articleSection\":[\"noche de flamenco\"],\"inLanguage\":\"es\",\"potentialAction\":[{\"@type\":\"CommentAction\",\"name\":\"Comment\",\"target\":[\"https:\/\/laura-la-risa.de\/es\/sevillanas-disco-am-15-september#respond\"]}]},{\"@type\":\"WebPage\",\"@id\":\"https:\/\/laura-la-risa.de\/es\/sevillanas-disco-am-15-september\",\"url\":\"https:\/\/laura-la-risa.de\/es\/sevillanas-disco-am-15-september\",\"name\":\"Sevillanas Disco am 15. September - Laura la Risa\",\"isPartOf\":{\"@id\":\"https:\/\/laura-la-risa.de\/#website\"},\"primaryImageOfPage\":{\"@id\":\"https:\/\/laura-la-risa.de\/es\/sevillanas-disco-am-15-september#primaryimage\"},\"image\":{\"@id\":\"https:\/\/laura-la-risa.de\/es\/sevillanas-disco-am-15-september#primaryimage\"},\"thumbnailUrl\":\"https:\/\/i0.wp.com\/laura-la-risa.de\/wp-content\/uploads\/2016\/09\/sevillanas.jpg?fit=340%2C340&ssl=1\",\"datePublished\":\"2017-09-10T21:19:47+00:00\",\"author\":{\"@id\":\"https:\/\/laura-la-risa.de\/#\/schema\/person\/8d3e1554bc4fc353e0c34589d1ca1c7a\"},\"breadcrumb\":{\"@id\":\"https:\/\/laura-la-risa.de\/es\/sevillanas-disco-am-15-september#breadcrumb\"},\"inLanguage\":\"es\",\"potentialAction\":[{\"@type\":\"ReadAction\",\"target\":[\"https:\/\/laura-la-risa.de\/es\/sevillanas-disco-am-15-september\"]}]},{\"@type\":\"ImageObject\",\"inLanguage\":\"es\",\"@id\":\"https:\/\/laura-la-risa.de\/es\/sevillanas-disco-am-15-september#primaryimage\",\"url\":\"https:\/\/i0.wp.com\/laura-la-risa.de\/wp-content\/uploads\/2016\/09\/sevillanas.jpg?fit=340%2C340&ssl=1\",\"contentUrl\":\"https:\/\/i0.wp.com\/laura-la-risa.de\/wp-content\/uploads\/2016\/09\/sevillanas.jpg?fit=340%2C340&ssl=1\",\"width\":340,\"height\":340,\"caption\":\"Sevillanas\"},{\"@type\":\"BreadcrumbList\",\"@id\":\"https:\/\/laura-la-risa.de\/es\/sevillanas-disco-am-15-september#breadcrumb\",\"itemListElement\":[{\"@type\":\"ListItem\",\"position\":1,\"name\":\"Startseite\",\"item\":\"https:\/\/laura-la-risa.de\/es\"},{\"@type\":\"ListItem\",\"position\":2,\"name\":\"Sevillanas Disco am 15. September\"}]},{\"@type\":\"WebSite\",\"@id\":\"https:\/\/laura-la-risa.de\/#website\",\"url\":\"https:\/\/laura-la-risa.de\/\",\"name\":\"Laura la Risa\",\"description\":\"flamenco puro\",\"potentialAction\":[{\"@type\":\"SearchAction\",\"target\":{\"@type\":\"EntryPoint\",\"urlTemplate\":\"https:\/\/laura-la-risa.de\/?s={search_term_string}\"},\"query-input\":{\"@type\":\"PropertyValueSpecification\",\"valueRequired\":true,\"valueName\":\"search_term_string\"}}],\"inLanguage\":\"es\"},{\"@type\":\"Person\",\"@id\":\"https:\/\/laura-la-risa.de\/#\/schema\/person\/8d3e1554bc4fc353e0c34589d1ca1c7a\",\"name\":\"Emilio\",\"image\":{\"@type\":\"ImageObject\",\"inLanguage\":\"es\",\"@id\":\"https:\/\/laura-la-risa.de\/#\/schema\/person\/image\/\",\"url\":\"https:\/\/secure.gravatar.com\/avatar\/71bf4ba9e8d4ab29e6a45a65e6fa217b?s=96&d=mm&r=g\",\"contentUrl\":\"https:\/\/secure.gravatar.com\/avatar\/71bf4ba9e8d4ab29e6a45a65e6fa217b?s=96&d=mm&r=g\",\"caption\":\"Emilio\"},\"url\":\"https:\/\/laura-la-risa.de\/es\/author\/emilio\"}]}<\/script>\n<!-- \/ Yoast SEO plugin. -->","yoast_head_json":{"title":"Sevillanas Disco am 15. September - Laura la Risa","robots":{"index":"index","follow":"follow","max-snippet":"max-snippet:-1","max-image-preview":"max-image-preview:large","max-video-preview":"max-video-preview:-1"},"canonical":"https:\/\/laura-la-risa.de\/es\/sevillanas-disco-am-15-september","og_locale":"es_ES","og_type":"article","og_title":"Sevillanas Disco am 15. September - Laura la Risa","og_description":"El 15. de septiembre es hora de reunirse! Sevillanas Disco para todos! Instrucciones: 18.00 \u2013 19.00 horas, costo: 8,-\u20ac Disco: 19.00 \u2013 22.00 hora * a patir de 19.00 hora donaci\u00f3n deseada Aqu\u00ed se puede poner al d\u00eda sus habilidades. S\u00f3lo unirse. aprender un poco bailar Sevillanas, bailar durante horas, aqu\u00ed se puede sentir como [&hellip;]","og_url":"https:\/\/laura-la-risa.de\/es\/sevillanas-disco-am-15-september","og_site_name":"Laura la Risa","article_published_time":"2017-09-10T21:19:47+00:00","og_image":[{"width":340,"height":340,"url":"https:\/\/i0.wp.com\/laura-la-risa.de\/wp-content\/uploads\/2016\/09\/sevillanas.jpg?fit=340%2C340&ssl=1","type":"image\/jpeg"}],"author":"Emilio","twitter_card":"summary_large_image","twitter_misc":{"Escrito por":"Emilio"},"schema":{"@context":"https:\/\/schema.org","@graph":[{"@type":"Article","@id":"https:\/\/laura-la-risa.de\/es\/sevillanas-disco-am-15-september#article","isPartOf":{"@id":"https:\/\/laura-la-risa.de\/es\/sevillanas-disco-am-15-september"},"author":{"name":"Emilio","@id":"https:\/\/laura-la-risa.de\/#\/schema\/person\/8d3e1554bc4fc353e0c34589d1ca1c7a"},"headline":"Sevillanas Disco am 15. September","datePublished":"2017-09-10T21:19:47+00:00","mainEntityOfPage":{"@id":"https:\/\/laura-la-risa.de\/es\/sevillanas-disco-am-15-september"},"wordCount":70,"commentCount":0,"image":{"@id":"https:\/\/laura-la-risa.de\/es\/sevillanas-disco-am-15-september#primaryimage"},"thumbnailUrl":"https:\/\/i0.wp.com\/laura-la-risa.de\/wp-content\/uploads\/2016\/09\/sevillanas.jpg?fit=340%2C340&ssl=1","articleSection":["noche de flamenco"],"inLanguage":"es","potentialAction":[{"@type":"CommentAction","name":"Comment","target":["https:\/\/laura-la-risa.de\/es\/sevillanas-disco-am-15-september#respond"]}]},{"@type":"WebPage","@id":"https:\/\/laura-la-risa.de\/es\/sevillanas-disco-am-15-september","url":"https:\/\/laura-la-risa.de\/es\/sevillanas-disco-am-15-september","name":"Sevillanas Disco am 15. September - Laura la Risa","isPartOf":{"@id":"https:\/\/laura-la-risa.de\/#website"},"primaryImageOfPage":{"@id":"https:\/\/laura-la-risa.de\/es\/sevillanas-disco-am-15-september#primaryimage"},"image":{"@id":"https:\/\/laura-la-risa.de\/es\/sevillanas-disco-am-15-september#primaryimage"},"thumbnailUrl":"https:\/\/i0.wp.com\/laura-la-risa.de\/wp-content\/uploads\/2016\/09\/sevillanas.jpg?fit=340%2C340&ssl=1","datePublished":"2017-09-10T21:19:47+00:00","author":{"@id":"https:\/\/laura-la-risa.de\/#\/schema\/person\/8d3e1554bc4fc353e0c34589d1ca1c7a"},"breadcrumb":{"@id":"https:\/\/laura-la-risa.de\/es\/sevillanas-disco-am-15-september#breadcrumb"},"inLanguage":"es","potentialAction":[{"@type":"ReadAction","target":["https:\/\/laura-la-risa.de\/es\/sevillanas-disco-am-15-september"]}]},{"@type":"ImageObject","inLanguage":"es","@id":"https:\/\/laura-la-risa.de\/es\/sevillanas-disco-am-15-september#primaryimage","url":"https:\/\/i0.wp.com\/laura-la-risa.de\/wp-content\/uploads\/2016\/09\/sevillanas.jpg?fit=340%2C340&ssl=1","contentUrl":"https:\/\/i0.wp.com\/laura-la-risa.de\/wp-content\/uploads\/2016\/09\/sevillanas.jpg?fit=340%2C340&ssl=1","width":340,"height":340,"caption":"Sevillanas"},{"@type":"BreadcrumbList","@id":"https:\/\/laura-la-risa.de\/es\/sevillanas-disco-am-15-september#breadcrumb","itemListElement":[{"@type":"ListItem","position":1,"name":"Startseite","item":"https:\/\/laura-la-risa.de\/es"},{"@type":"ListItem","position":2,"name":"Sevillanas Disco am 15. September"}]},{"@type":"WebSite","@id":"https:\/\/laura-la-risa.de\/#website","url":"https:\/\/laura-la-risa.de\/","name":"Laura la Risa","description":"flamenco puro","potentialAction":[{"@type":"SearchAction","target":{"@type":"EntryPoint","urlTemplate":"https:\/\/laura-la-risa.de\/?s={search_term_string}"},"query-input":{"@type":"PropertyValueSpecification","valueRequired":true,"valueName":"search_term_string"}}],"inLanguage":"es"},{"@type":"Person","@id":"https:\/\/laura-la-risa.de\/#\/schema\/person\/8d3e1554bc4fc353e0c34589d1ca1c7a","name":"Emilio","image":{"@type":"ImageObject","inLanguage":"es","@id":"https:\/\/laura-la-risa.de\/#\/schema\/person\/image\/","url":"https:\/\/secure.gravatar.com\/avatar\/71bf4ba9e8d4ab29e6a45a65e6fa217b?s=96&d=mm&r=g","contentUrl":"https:\/\/secure.gravatar.com\/avatar\/71bf4ba9e8d4ab29e6a45a65e6fa217b?s=96&d=mm&r=g","caption":"Emilio"},"url":"https:\/\/laura-la-risa.de\/es\/author\/emilio"}]}},"jetpack_publicize_connections":[],"jetpack_featured_media_url":"https:\/\/i0.wp.com\/laura-la-risa.de\/wp-content\/uploads\/2016\/09\/sevillanas.jpg?fit=340%2C340&ssl=1","jetpack_sharing_enabled":true,"jetpack_shortlink":"https:\/\/wp.me\/p972UP-7LY","jetpack-related-posts":[{"id":30040,"url":"https:\/\/laura-la-risa.de\/es\/sevillanas-disco","url_meta":{"origin":29882,"position":0},"title":"Sevillanas Disco in Berlin","author":"Laura la Risa","date":"7. marzo 2018","format":false,"excerpt":"http:\/\/www.acompas.de \/ www.laura-la-risa.de \/ www.la-vasca-flamenca.de Sevillanas Disco f\u00fcr alle Freitag, 09.03.2018 Die Anleitung von 18.00 \u2013 19.00 Uhr mit Laura la Risa kostet 8 \u20ac * Disco: 19.00 \u2013 22.00 Uhr * Disco mit Eintritt auf Spendenbasis Hier kann man seine Kenntnisse auffrischen, sich einfach treffen, ein bischen Sevillanas tanzen\u2026","rel":"","context":"En \u00abEvent\u00bb","block_context":{"text":"Event","link":"https:\/\/laura-la-risa.de\/category\/event"},"img":{"alt_text":"Foto: Ralf Bieniek","src":"https:\/\/i0.wp.com\/laura-la-risa.de\/wp-content\/uploads\/2018\/03\/MG_7913.jpg?fit=1200%2C800&ssl=1&resize=350%2C200","width":350,"height":200,"srcset":"https:\/\/i0.wp.com\/laura-la-risa.de\/wp-content\/uploads\/2018\/03\/MG_7913.jpg?fit=1200%2C800&ssl=1&resize=350%2C200 1x, https:\/\/i0.wp.com\/laura-la-risa.de\/wp-content\/uploads\/2018\/03\/MG_7913.jpg?fit=1200%2C800&ssl=1&resize=525%2C300 1.5x, https:\/\/i0.wp.com\/laura-la-risa.de\/wp-content\/uploads\/2018\/03\/MG_7913.jpg?fit=1200%2C800&ssl=1&resize=700%2C400 2x, https:\/\/i0.wp.com\/laura-la-risa.de\/wp-content\/uploads\/2018\/03\/MG_7913.jpg?fit=1200%2C800&ssl=1&resize=1050%2C600 3x"},"classes":[]},{"id":30594,"url":"https:\/\/laura-la-risa.de\/es\/discoteca-de-sevillanas-11-de-enero-2019","url_meta":{"origin":29882,"position":1},"title":"Discoteca de Sevillanas &#8211; 11 de enero 2019","author":"Emilio","date":"7. enero 2019","format":false,"excerpt":" Discoteca de\u00a0Sevillanas Las instrucciones para la danza est\u00e1n disponibles a las 18:00 hasta las 19:00 con Laura la Risa. (8\u20ac) A las 19:00 empieza la discoteca a base de donativo Aqu\u00ed se puede poner al d\u00eda sus habilidades. S\u00f3lo unirse. aprender un poco bailar Sevillanas, bailar\u2026","rel":"","context":"En \u00abnoche de flamenco\u00bb","block_context":{"text":"noche de flamenco","link":"https:\/\/laura-la-risa.de\/es\/category\/noche-de-flamenco"},"img":{"alt_text":"","src":"https:\/\/i0.wp.com\/laura-la-risa.de\/wp-content\/uploads\/2016\/09\/sevillanas.jpg?fit=340%2C340&ssl=1&resize=350%2C200","width":350,"height":200},"classes":[]},{"id":29879,"url":"https:\/\/laura-la-risa.de\/es\/sevillanas-disco-am-15-september","url_meta":{"origin":29882,"position":2},"title":"Sevillanas Disco am 15. September","author":"Emilio","date":"10. septiembre 2017","format":false,"excerpt":"Am 15. September ist es wieder so weit! Sevillanas Disco para todos! Anleitung: 18.00 \u2013 19.00 Uhr, Kosten: 8,-\u20ac * Disco: 19.00 \u2013 22.00 Uhr * ab 19.00 Uhr Spende erw\u00fcnscht Wolltest du schon immer gerne Flamenco tanzen, hast aber Angst vor einer gro\u00dfen B\u00fchne? Dann komm vorbei zu unserer\u2026","rel":"","context":"En \u00abFlamencoabend\u00bb","block_context":{"text":"Flamencoabend","link":"https:\/\/laura-la-risa.de\/category\/flamencoabend"},"img":{"alt_text":"","src":"https:\/\/i0.wp.com\/laura-la-risa.de\/wp-content\/uploads\/2016\/09\/sevillanas.jpg?fit=340%2C340&ssl=1&resize=350%2C200","width":350,"height":200},"classes":[]},{"id":30596,"url":"https:\/\/laura-la-risa.de\/es\/sevillanas-disco-am-15-maerz-2019","url_meta":{"origin":29882,"position":3},"title":"Sevillanas Disco am 15. M\u00e4rz 2019","author":"Emilio","date":"11. marzo 2019","format":false,"excerpt":"","rel":"","context":"En \u00abFlamencoabend\u00bb","block_context":{"text":"Flamencoabend","link":"https:\/\/laura-la-risa.de\/category\/flamencoabend"},"img":{"alt_text":"Sevillanas tanzen","src":"https:\/\/i0.wp.com\/laura-la-risa.de\/wp-content\/uploads\/2019\/03\/sevillanas-tanzen.jpg?fit=960%2C960&ssl=1&resize=350%2C200","width":350,"height":200,"srcset":"https:\/\/i0.wp.com\/laura-la-risa.de\/wp-content\/uploads\/2019\/03\/sevillanas-tanzen.jpg?fit=960%2C960&ssl=1&resize=350%2C200 1x, https:\/\/i0.wp.com\/laura-la-risa.de\/wp-content\/uploads\/2019\/03\/sevillanas-tanzen.jpg?fit=960%2C960&ssl=1&resize=525%2C300 1.5x, https:\/\/i0.wp.com\/laura-la-risa.de\/wp-content\/uploads\/2019\/03\/sevillanas-tanzen.jpg?fit=960%2C960&ssl=1&resize=700%2C400 2x"},"classes":[]},{"id":30807,"url":"https:\/\/laura-la-risa.de\/es\/sevillanas-disco-am-15-november","url_meta":{"origin":29882,"position":4},"title":"Sevillanas Disco am 15. November","author":"Emilio","date":"9. noviembre 2019","format":false,"excerpt":"Sevillanas Disco Wolltest du schon immer gerne Flamenco tanzen, hast aber Angst vor einer gro\u00dfen B\u00fchne? Dann komm vorbei zu unserer Sevillanas-Disco! Hier kannst du unter Anleitung von Laura la Risa in entspannter Atmosph\u00e4re die wichtigsten Sevillanas-Schritte lernen. Oder einfach deine Kenntnisse auffrischen. Egal, auf welchem Niveau du bist, hier\u2026","rel":"","context":"En \u00abFlamencoabend\u00bb","block_context":{"text":"Flamencoabend","link":"https:\/\/laura-la-risa.de\/category\/flamencoabend"},"img":{"alt_text":"Sevillanas tanzen","src":"https:\/\/i0.wp.com\/laura-la-risa.de\/wp-content\/uploads\/2019\/03\/sevillanas-tanzen.jpg?fit=960%2C960&ssl=1&resize=350%2C200","width":350,"height":200,"srcset":"https:\/\/i0.wp.com\/laura-la-risa.de\/wp-content\/uploads\/2019\/03\/sevillanas-tanzen.jpg?fit=960%2C960&ssl=1&resize=350%2C200 1x, https:\/\/i0.wp.com\/laura-la-risa.de\/wp-content\/uploads\/2019\/03\/sevillanas-tanzen.jpg?fit=960%2C960&ssl=1&resize=525%2C300 1.5x, https:\/\/i0.wp.com\/laura-la-risa.de\/wp-content\/uploads\/2019\/03\/sevillanas-tanzen.jpg?fit=960%2C960&ssl=1&resize=700%2C400 2x"},"classes":[]},{"id":30373,"url":"https:\/\/laura-la-risa.de\/es\/sevillanas-disco-am-13-juli-2018","url_meta":{"origin":29882,"position":5},"title":"Sevillanas Disco am 13. Juli 2018","author":"Emilio","date":"3. julio 2018","format":false,"excerpt":"am Freitag, den 13.07.2018 findet die letzte Sevillanas-Disco vor den Ferien statt. * Anleitung: 18.00 - 19.00 Uhr mit mir - Kosten: 8\u20ac * Disco: 19.00 - 22.00 Uhr \u00a0","rel":"","context":"En \u00abFlamencoabend\u00bb","block_context":{"text":"Flamencoabend","link":"https:\/\/laura-la-risa.de\/category\/flamencoabend"},"img":{"alt_text":"Foto: Ralf Bieniek","src":"https:\/\/i0.wp.com\/laura-la-risa.de\/wp-content\/uploads\/2018\/03\/MG_7913.jpg?fit=1200%2C800&ssl=1&resize=350%2C200","width":350,"height":200,"srcset":"https:\/\/i0.wp.com\/laura-la-risa.de\/wp-content\/uploads\/2018\/03\/MG_7913.jpg?fit=1200%2C800&ssl=1&resize=350%2C200 1x, https:\/\/i0.wp.com\/laura-la-risa.de\/wp-content\/uploads\/2018\/03\/MG_7913.jpg?fit=1200%2C800&ssl=1&resize=525%2C300 1.5x, https:\/\/i0.wp.com\/laura-la-risa.de\/wp-content\/uploads\/2018\/03\/MG_7913.jpg?fit=1200%2C800&ssl=1&resize=700%2C400 2x, https:\/\/i0.wp.com\/laura-la-risa.de\/wp-content\/uploads\/2018\/03\/MG_7913.jpg?fit=1200%2C800&ssl=1&resize=1050%2C600 3x"},"classes":[]}],"jetpack_likes_enabled":true,"_links":{"self":[{"href":"https:\/\/laura-la-risa.de\/es\/wp-json\/wp\/v2\/posts\/29882","targetHints":{"allow":["GET"]}}],"collection":[{"href":"https:\/\/laura-la-risa.de\/es\/wp-json\/wp\/v2\/posts"}],"about":[{"href":"https:\/\/laura-la-risa.de\/es\/wp-json\/wp\/v2\/types\/post"}],"author":[{"embeddable":true,"href":"https:\/\/laura-la-risa.de\/es\/wp-json\/wp\/v2\/users\/1"}],"replies":[{"embeddable":true,"href":"https:\/\/laura-la-risa.de\/es\/wp-json\/wp\/v2\/comments?post=29882"}],"version-history":[{"count":2,"href":"https:\/\/laura-la-risa.de\/es\/wp-json\/wp\/v2\/posts\/29882\/revisions"}],"predecessor-version":[{"id":29884,"href":"https:\/\/laura-la-risa.de\/es\/wp-json\/wp\/v2\/posts\/29882\/revisions\/29884"}],"wp:featuredmedia":[{"embeddable":true,"href":"https:\/\/laura-la-risa.de\/es\/wp-json\/wp\/v2\/media\/29164"}],"wp:attachment":[{"href":"https:\/\/laura-la-risa.de\/es\/wp-json\/wp\/v2\/media?parent=29882"}],"wp:term":[{"taxonomy":"category","embeddable":true,"href":"https:\/\/laura-la-risa.de\/es\/wp-json\/wp\/v2\/categories?post=29882"},{"taxonomy":"post_tag","embeddable":true,"href":"https:\/\/laura-la-risa.de\/es\/wp-json\/wp\/v2\/tags?post=29882"}],"curies":[{"name":"wp","href":"https:\/\/api.w.org\/{rel}","templated":true}]}}