{"id":29912,"date":"2017-09-15T23:58:18","date_gmt":"2017-09-15T21:58:18","guid":{"rendered":"http:\/\/laura-la-risa.de.w01c716b.kasserver.com?p=29912"},"modified":"2017-09-15T23:58:18","modified_gmt":"2017-09-15T21:58:18","slug":"herbstfest","status":"publish","type":"post","link":"https:\/\/laura-la-risa.de\/es\/herbstfest","title":{"rendered":"Herbstfest"},"content":{"rendered":"<blockquote>\n<div>Liebe Sch\u00fclerInnen, liebe Eltern, liebe FreundIn des a comp\u00e1s\u2026.<\/p>\n<p>am Sonntag um 12.00 Uhr beginnt das Herbstfest im a comp\u00e1s.<br \/>\nWir werden im Hof grillen und freuen uns \u00fcber Eure Mithilfe und Sachspenden, z.B. Kuchen, Salate Vegie-Spie\u00dfchen!<\/p>\n<p>Programm:<br \/>\n12.00 Uhr Er\u00f6ffnung im Tanzsaal mit Aufw\u00e4rmspielen und Tanz f\u00fcr alle,<br \/>\nkostenlosen Schnupperkursen,<br \/>\nAktionen und kleine Auff\u00fchrungen zum Zugucken und mitmachen!<\/p>\n<p>Um 16.00 Uhr kommen alle Kinder f\u00fcr die Pi\u00f1ata auf die Veranda!<\/p>\n<p>Wir freuen uns, wenn Ihr in Flamenco -kleidern kommt und damit Sevillanas tanzt.<br \/>\nF\u00fcr die Schnupperkurse braucht Ihr Trainingskleidung.<\/p><\/div>\n<div><\/div>\n<\/blockquote>\n<p>&nbsp;<\/p>\n<blockquote data-secret=\"5zClQSy2QH\" class=\"wp-embedded-content\"><p><a href=\"http:\/\/acompas.de\/kalender\/herbstfest-im-a-compas-3\/\">Herbstfest im a comp\u00e1s<\/a><\/p><\/blockquote>\n<p><iframe loading=\"lazy\" class=\"wp-embedded-content\" sandbox=\"allow-scripts\" security=\"restricted\" style=\"position: absolute; clip: rect(1px, 1px, 1px, 1px);\" src=\"http:\/\/acompas.de\/kalender\/herbstfest-im-a-compas-3\/embed\/#?secret=5zClQSy2QH\" data-secret=\"5zClQSy2QH\" width=\"600\" height=\"338\" title=\"&#8222;Herbstfest im a comp\u00e1s&#8220; &#8212; a comp\u00e1s Studio&amp;Location\" frameborder=\"0\" marginwidth=\"0\" marginheight=\"0\" scrolling=\"no\"><\/iframe><\/p>\n","protected":false},"excerpt":{"rendered":"<p>Liebe Sch\u00fclerInnen, liebe Eltern, liebe FreundIn des a comp\u00e1s\u2026. am Sonntag um 12.00 Uhr beginnt das Herbstfest im a comp\u00e1s. Wir werden im Hof grillen und freuen uns \u00fcber Eure Mithilfe und Sachspenden, z.B. Kuchen, Salate Vegie-Spie\u00dfchen! Programm: 12.00 Uhr Er\u00f6ffnung im Tanzsaal mit Aufw\u00e4rmspielen und Tanz f\u00fcr alle, kostenlosen Schnupperkursen, Aktionen und kleine Auff\u00fchrungen [&hellip;]<\/p>\n","protected":false},"author":1,"featured_media":29913,"comment_status":"open","ping_status":"open","sticky":false,"template":"","format":"standard","meta":{"_et_pb_use_builder":"","_et_pb_old_content":"","_et_gb_content_width":"","_jetpack_memberships_contains_paid_content":false,"footnotes":"","jetpack_publicize_message":"","jetpack_publicize_feature_enabled":true,"jetpack_social_post_already_shared":true,"jetpack_social_options":{"image_generator_settings":{"template":"highway","default_image_id":0,"font":"","enabled":false},"version":2}},"categories":[19],"tags":[],"class_list":["post-29912","post","type-post","status-publish","format-standard","has-post-thumbnail","hentry","category-event"],"yoast_head":"<!-- This site is optimized with the Yoast SEO plugin v26.8 - https:\/\/yoast.com\/product\/yoast-seo-wordpress\/ -->\n<title>Herbstfest - Laura la Risa<\/title>\n<meta name=\"robots\" content=\"index, follow, max-snippet:-1, max-image-preview:large, max-video-preview:-1\" \/>\n<link rel=\"canonical\" href=\"https:\/\/laura-la-risa.de\/es\/herbstfest\" \/>\n<meta property=\"og:locale\" content=\"es_ES\" \/>\n<meta property=\"og:type\" content=\"article\" \/>\n<meta property=\"og:title\" content=\"Herbstfest - Laura la Risa\" \/>\n<meta property=\"og:description\" content=\"Liebe Sch\u00fclerInnen, liebe Eltern, liebe FreundIn des a comp\u00e1s\u2026. am Sonntag um 12.00 Uhr beginnt das Herbstfest im a comp\u00e1s. Wir werden im Hof grillen und freuen uns \u00fcber Eure Mithilfe und Sachspenden, z.B. Kuchen, Salate Vegie-Spie\u00dfchen! Programm: 12.00 Uhr Er\u00f6ffnung im Tanzsaal mit Aufw\u00e4rmspielen und Tanz f\u00fcr alle, kostenlosen Schnupperkursen, Aktionen und kleine Auff\u00fchrungen [&hellip;]\" \/>\n<meta property=\"og:url\" content=\"https:\/\/laura-la-risa.de\/herbstfest\" \/>\n<meta property=\"og:site_name\" content=\"Laura la Risa\" \/>\n<meta property=\"article:published_time\" content=\"2017-09-15T21:58:18+00:00\" \/>\n<meta property=\"og:image\" content=\"https:\/\/i0.wp.com\/laura-la-risa.de\/wp-content\/uploads\/2017\/09\/hoffest-a-compas.jpg?fit=960%2C540&ssl=1\" \/>\n\t<meta property=\"og:image:width\" content=\"960\" \/>\n\t<meta property=\"og:image:height\" content=\"540\" \/>\n\t<meta property=\"og:image:type\" content=\"image\/jpeg\" \/>\n<meta name=\"author\" content=\"Emilio\" \/>\n<meta name=\"twitter:card\" content=\"summary_large_image\" \/>\n<meta name=\"twitter:label1\" content=\"Escrito por\" \/>\n\t<meta name=\"twitter:data1\" content=\"Emilio\" \/>\n\t<meta name=\"twitter:label2\" content=\"Tiempo de lectura\" \/>\n\t<meta name=\"twitter:data2\" content=\"1 minuto\" \/>\n<script type=\"application\/ld+json\" class=\"yoast-schema-graph\">{\"@context\":\"https:\/\/schema.org\",\"@graph\":[{\"@type\":\"Article\",\"@id\":\"https:\/\/laura-la-risa.de\/herbstfest#article\",\"isPartOf\":{\"@id\":\"https:\/\/laura-la-risa.de\/herbstfest\"},\"author\":{\"name\":\"Emilio\",\"@id\":\"https:\/\/laura-la-risa.de\/#\/schema\/person\/8d3e1554bc4fc353e0c34589d1ca1c7a\"},\"headline\":\"Herbstfest\",\"datePublished\":\"2017-09-15T21:58:18+00:00\",\"mainEntityOfPage\":{\"@id\":\"https:\/\/laura-la-risa.de\/herbstfest\"},\"wordCount\":106,\"commentCount\":0,\"image\":{\"@id\":\"https:\/\/laura-la-risa.de\/herbstfest#primaryimage\"},\"thumbnailUrl\":\"https:\/\/i0.wp.com\/laura-la-risa.de\/wp-content\/uploads\/2017\/09\/hoffest-a-compas.jpg?fit=960%2C540&ssl=1\",\"articleSection\":[\"Event\"],\"inLanguage\":\"es\",\"potentialAction\":[{\"@type\":\"CommentAction\",\"name\":\"Comment\",\"target\":[\"https:\/\/laura-la-risa.de\/herbstfest#respond\"]}]},{\"@type\":\"WebPage\",\"@id\":\"https:\/\/laura-la-risa.de\/herbstfest\",\"url\":\"https:\/\/laura-la-risa.de\/herbstfest\",\"name\":\"Herbstfest - Laura la Risa\",\"isPartOf\":{\"@id\":\"https:\/\/laura-la-risa.de\/#website\"},\"primaryImageOfPage\":{\"@id\":\"https:\/\/laura-la-risa.de\/herbstfest#primaryimage\"},\"image\":{\"@id\":\"https:\/\/laura-la-risa.de\/herbstfest#primaryimage\"},\"thumbnailUrl\":\"https:\/\/i0.wp.com\/laura-la-risa.de\/wp-content\/uploads\/2017\/09\/hoffest-a-compas.jpg?fit=960%2C540&ssl=1\",\"datePublished\":\"2017-09-15T21:58:18+00:00\",\"author\":{\"@id\":\"https:\/\/laura-la-risa.de\/#\/schema\/person\/8d3e1554bc4fc353e0c34589d1ca1c7a\"},\"breadcrumb\":{\"@id\":\"https:\/\/laura-la-risa.de\/herbstfest#breadcrumb\"},\"inLanguage\":\"es\",\"potentialAction\":[{\"@type\":\"ReadAction\",\"target\":[\"https:\/\/laura-la-risa.de\/herbstfest\"]}]},{\"@type\":\"ImageObject\",\"inLanguage\":\"es\",\"@id\":\"https:\/\/laura-la-risa.de\/herbstfest#primaryimage\",\"url\":\"https:\/\/i0.wp.com\/laura-la-risa.de\/wp-content\/uploads\/2017\/09\/hoffest-a-compas.jpg?fit=960%2C540&ssl=1\",\"contentUrl\":\"https:\/\/i0.wp.com\/laura-la-risa.de\/wp-content\/uploads\/2017\/09\/hoffest-a-compas.jpg?fit=960%2C540&ssl=1\",\"width\":960,\"height\":540,\"caption\":\"Foto: Ralf Bieniek\"},{\"@type\":\"BreadcrumbList\",\"@id\":\"https:\/\/laura-la-risa.de\/herbstfest#breadcrumb\",\"itemListElement\":[{\"@type\":\"ListItem\",\"position\":1,\"name\":\"Startseite\",\"item\":\"https:\/\/laura-la-risa.de\/es\"},{\"@type\":\"ListItem\",\"position\":2,\"name\":\"Herbstfest\"}]},{\"@type\":\"WebSite\",\"@id\":\"https:\/\/laura-la-risa.de\/#website\",\"url\":\"https:\/\/laura-la-risa.de\/\",\"name\":\"Laura la Risa\",\"description\":\"flamenco puro\",\"potentialAction\":[{\"@type\":\"SearchAction\",\"target\":{\"@type\":\"EntryPoint\",\"urlTemplate\":\"https:\/\/laura-la-risa.de\/?s={search_term_string}\"},\"query-input\":{\"@type\":\"PropertyValueSpecification\",\"valueRequired\":true,\"valueName\":\"search_term_string\"}}],\"inLanguage\":\"es\"},{\"@type\":\"Person\",\"@id\":\"https:\/\/laura-la-risa.de\/#\/schema\/person\/8d3e1554bc4fc353e0c34589d1ca1c7a\",\"name\":\"Emilio\",\"image\":{\"@type\":\"ImageObject\",\"inLanguage\":\"es\",\"@id\":\"https:\/\/laura-la-risa.de\/#\/schema\/person\/image\/\",\"url\":\"https:\/\/secure.gravatar.com\/avatar\/71bf4ba9e8d4ab29e6a45a65e6fa217b?s=96&d=mm&r=g\",\"contentUrl\":\"https:\/\/secure.gravatar.com\/avatar\/71bf4ba9e8d4ab29e6a45a65e6fa217b?s=96&d=mm&r=g\",\"caption\":\"Emilio\"},\"url\":\"https:\/\/laura-la-risa.de\/es\/author\/emilio\"}]}<\/script>\n<!-- \/ Yoast SEO plugin. -->","yoast_head_json":{"title":"Herbstfest - Laura la Risa","robots":{"index":"index","follow":"follow","max-snippet":"max-snippet:-1","max-image-preview":"max-image-preview:large","max-video-preview":"max-video-preview:-1"},"canonical":"https:\/\/laura-la-risa.de\/es\/herbstfest","og_locale":"es_ES","og_type":"article","og_title":"Herbstfest - Laura la Risa","og_description":"Liebe Sch\u00fclerInnen, liebe Eltern, liebe FreundIn des a comp\u00e1s\u2026. am Sonntag um 12.00 Uhr beginnt das Herbstfest im a comp\u00e1s. Wir werden im Hof grillen und freuen uns \u00fcber Eure Mithilfe und Sachspenden, z.B. Kuchen, Salate Vegie-Spie\u00dfchen! Programm: 12.00 Uhr Er\u00f6ffnung im Tanzsaal mit Aufw\u00e4rmspielen und Tanz f\u00fcr alle, kostenlosen Schnupperkursen, Aktionen und kleine Auff\u00fchrungen [&hellip;]","og_url":"https:\/\/laura-la-risa.de\/herbstfest","og_site_name":"Laura la Risa","article_published_time":"2017-09-15T21:58:18+00:00","og_image":[{"width":960,"height":540,"url":"https:\/\/i0.wp.com\/laura-la-risa.de\/wp-content\/uploads\/2017\/09\/hoffest-a-compas.jpg?fit=960%2C540&ssl=1","type":"image\/jpeg"}],"author":"Emilio","twitter_card":"summary_large_image","twitter_misc":{"Escrito por":"Emilio","Tiempo de lectura":"1 minuto"},"schema":{"@context":"https:\/\/schema.org","@graph":[{"@type":"Article","@id":"https:\/\/laura-la-risa.de\/herbstfest#article","isPartOf":{"@id":"https:\/\/laura-la-risa.de\/herbstfest"},"author":{"name":"Emilio","@id":"https:\/\/laura-la-risa.de\/#\/schema\/person\/8d3e1554bc4fc353e0c34589d1ca1c7a"},"headline":"Herbstfest","datePublished":"2017-09-15T21:58:18+00:00","mainEntityOfPage":{"@id":"https:\/\/laura-la-risa.de\/herbstfest"},"wordCount":106,"commentCount":0,"image":{"@id":"https:\/\/laura-la-risa.de\/herbstfest#primaryimage"},"thumbnailUrl":"https:\/\/i0.wp.com\/laura-la-risa.de\/wp-content\/uploads\/2017\/09\/hoffest-a-compas.jpg?fit=960%2C540&ssl=1","articleSection":["Event"],"inLanguage":"es","potentialAction":[{"@type":"CommentAction","name":"Comment","target":["https:\/\/laura-la-risa.de\/herbstfest#respond"]}]},{"@type":"WebPage","@id":"https:\/\/laura-la-risa.de\/herbstfest","url":"https:\/\/laura-la-risa.de\/herbstfest","name":"Herbstfest - Laura la Risa","isPartOf":{"@id":"https:\/\/laura-la-risa.de\/#website"},"primaryImageOfPage":{"@id":"https:\/\/laura-la-risa.de\/herbstfest#primaryimage"},"image":{"@id":"https:\/\/laura-la-risa.de\/herbstfest#primaryimage"},"thumbnailUrl":"https:\/\/i0.wp.com\/laura-la-risa.de\/wp-content\/uploads\/2017\/09\/hoffest-a-compas.jpg?fit=960%2C540&ssl=1","datePublished":"2017-09-15T21:58:18+00:00","author":{"@id":"https:\/\/laura-la-risa.de\/#\/schema\/person\/8d3e1554bc4fc353e0c34589d1ca1c7a"},"breadcrumb":{"@id":"https:\/\/laura-la-risa.de\/herbstfest#breadcrumb"},"inLanguage":"es","potentialAction":[{"@type":"ReadAction","target":["https:\/\/laura-la-risa.de\/herbstfest"]}]},{"@type":"ImageObject","inLanguage":"es","@id":"https:\/\/laura-la-risa.de\/herbstfest#primaryimage","url":"https:\/\/i0.wp.com\/laura-la-risa.de\/wp-content\/uploads\/2017\/09\/hoffest-a-compas.jpg?fit=960%2C540&ssl=1","contentUrl":"https:\/\/i0.wp.com\/laura-la-risa.de\/wp-content\/uploads\/2017\/09\/hoffest-a-compas.jpg?fit=960%2C540&ssl=1","width":960,"height":540,"caption":"Foto: Ralf Bieniek"},{"@type":"BreadcrumbList","@id":"https:\/\/laura-la-risa.de\/herbstfest#breadcrumb","itemListElement":[{"@type":"ListItem","position":1,"name":"Startseite","item":"https:\/\/laura-la-risa.de\/es"},{"@type":"ListItem","position":2,"name":"Herbstfest"}]},{"@type":"WebSite","@id":"https:\/\/laura-la-risa.de\/#website","url":"https:\/\/laura-la-risa.de\/","name":"Laura la Risa","description":"flamenco puro","potentialAction":[{"@type":"SearchAction","target":{"@type":"EntryPoint","urlTemplate":"https:\/\/laura-la-risa.de\/?s={search_term_string}"},"query-input":{"@type":"PropertyValueSpecification","valueRequired":true,"valueName":"search_term_string"}}],"inLanguage":"es"},{"@type":"Person","@id":"https:\/\/laura-la-risa.de\/#\/schema\/person\/8d3e1554bc4fc353e0c34589d1ca1c7a","name":"Emilio","image":{"@type":"ImageObject","inLanguage":"es","@id":"https:\/\/laura-la-risa.de\/#\/schema\/person\/image\/","url":"https:\/\/secure.gravatar.com\/avatar\/71bf4ba9e8d4ab29e6a45a65e6fa217b?s=96&d=mm&r=g","contentUrl":"https:\/\/secure.gravatar.com\/avatar\/71bf4ba9e8d4ab29e6a45a65e6fa217b?s=96&d=mm&r=g","caption":"Emilio"},"url":"https:\/\/laura-la-risa.de\/es\/author\/emilio"}]}},"jetpack_publicize_connections":[],"jetpack_featured_media_url":"https:\/\/i0.wp.com\/laura-la-risa.de\/wp-content\/uploads\/2017\/09\/hoffest-a-compas.jpg?fit=960%2C540&ssl=1","jetpack_sharing_enabled":true,"jetpack_shortlink":"https:\/\/wp.me\/p972UP-7Ms","jetpack-related-posts":[{"id":32508,"url":"https:\/\/laura-la-risa.de\/es\/flamenco-im-oktober","url_meta":{"origin":29912,"position":0},"title":"Flamenco im Oktober","author":"Emilio","date":"8. octubre 2024","format":false,"excerpt":"Liebe Tanzbegeisterte, liebe Eltern, der Oktober hat begonnen und mit ihm der richtige Herbst... am 02.10.24 fallen die Babyflamencokurse aus. Alle beiden Kurse werden nachgeholt wie folgt: Montag, 07.10.24 16:00 - 17:00 Uhr, Kinder von 2,5 - 4 Jahre 17:00 - 18:00 Uhr, Kinder von 5 - 8 Jahre Am\u2026","rel":"","context":"En \u00abInformation\u00bb","block_context":{"text":"Information","link":"https:\/\/laura-la-risa.de\/category\/information"},"img":{"alt_text":"","src":"https:\/\/i0.wp.com\/laura-la-risa.de\/wp-content\/uploads\/2024\/01\/winnie-pauli-sevillanas-after-work-party.jpg?fit=800%2C800&ssl=1&resize=350%2C200","width":350,"height":200,"srcset":"https:\/\/i0.wp.com\/laura-la-risa.de\/wp-content\/uploads\/2024\/01\/winnie-pauli-sevillanas-after-work-party.jpg?fit=800%2C800&ssl=1&resize=350%2C200 1x, https:\/\/i0.wp.com\/laura-la-risa.de\/wp-content\/uploads\/2024\/01\/winnie-pauli-sevillanas-after-work-party.jpg?fit=800%2C800&ssl=1&resize=525%2C300 1.5x, https:\/\/i0.wp.com\/laura-la-risa.de\/wp-content\/uploads\/2024\/01\/winnie-pauli-sevillanas-after-work-party.jpg?fit=800%2C800&ssl=1&resize=700%2C400 2x"},"classes":[]},{"id":30811,"url":"https:\/\/laura-la-risa.de\/es\/2-halbjahr-im-a-compas","url_meta":{"origin":29912,"position":1},"title":"2. Halbjahr im a comp\u00e1s","author":"Emilio","date":"30. julio 2019","format":false,"excerpt":"Herzlich willkommen im 2. Halbjahr 2019 im a comp\u00e1s! Hier nun die wichtigsten News im \u00fcberblick: August Mo 05.08. Kursbeginn aller Kurse Achtung! Es gibt zwei Kinder Klassen! Sa 10.08. Beginn WS 1 \/M und WS 2 \/A f\u00fcr Bata de Cola Sa 10..08. Beginn \u201cTanzschritte\u201d f\u00fcr Menschen mit geistigen\u2026","rel":"","context":"En \u00abProgramm\u00bb","block_context":{"text":"Programm","link":"https:\/\/laura-la-risa.de\/category\/programm"},"img":{"alt_text":"Kurse f\u00fcr Kinder","src":"https:\/\/i0.wp.com\/laura-la-risa.de\/wp-content\/uploads\/2016\/09\/kurse-kinder.jpg?fit=640%2C640&ssl=1&resize=350%2C200","width":350,"height":200,"srcset":"https:\/\/i0.wp.com\/laura-la-risa.de\/wp-content\/uploads\/2016\/09\/kurse-kinder.jpg?fit=640%2C640&ssl=1&resize=350%2C200 1x, https:\/\/i0.wp.com\/laura-la-risa.de\/wp-content\/uploads\/2016\/09\/kurse-kinder.jpg?fit=640%2C640&ssl=1&resize=525%2C300 1.5x"},"classes":[]},{"id":32600,"url":"https:\/\/laura-la-risa.de\/es\/november-news","url_meta":{"origin":29912,"position":2},"title":"November-News","author":"Emilio","date":"2. noviembre 2024","format":false,"excerpt":"Liebe Kinder, liebe Eltern, liebe Sch\u00fcler*innen, liebe Tanzbegeisterte im herbstlich bunten November feiern wir bis zum weihnachtlichen Dezember all unsere traditionellen Feste.... Ladet alle ein, mitzumachen und dabei zu sein, es wird ein gro\u00dfer Spa\u00df!! Bei den n\u00e4chsten beiden Festen sind ALLE Sch\u00fcler*innen klein und gro\u00df dabei: NOVEMBER: 1. Herbstfest\u2026","rel":"","context":"En \u00abProgramm\u00bb","block_context":{"text":"Programm","link":"https:\/\/laura-la-risa.de\/category\/programm"},"img":{"alt_text":"","src":"https:\/\/i0.wp.com\/laura-la-risa.de\/wp-content\/uploads\/2024\/10\/0-097573a7-7344-49f6-8f56-0ea564d2bac9-800x1080.jpg?fit=800%2C1080&ssl=1&resize=350%2C200","width":350,"height":200,"srcset":"https:\/\/i0.wp.com\/laura-la-risa.de\/wp-content\/uploads\/2024\/10\/0-097573a7-7344-49f6-8f56-0ea564d2bac9-800x1080.jpg?fit=800%2C1080&ssl=1&resize=350%2C200 1x, https:\/\/i0.wp.com\/laura-la-risa.de\/wp-content\/uploads\/2024\/10\/0-097573a7-7344-49f6-8f56-0ea564d2bac9-800x1080.jpg?fit=800%2C1080&ssl=1&resize=525%2C300 1.5x, https:\/\/i0.wp.com\/laura-la-risa.de\/wp-content\/uploads\/2024\/10\/0-097573a7-7344-49f6-8f56-0ea564d2bac9-800x1080.jpg?fit=800%2C1080&ssl=1&resize=700%2C400 2x"},"classes":[]},{"id":32740,"url":"https:\/\/laura-la-risa.de\/es\/20-jahre-a-compas","url_meta":{"origin":29912,"position":3},"title":"20 Jahre a comp\u00e1s","author":"Emilio","date":"6. marzo 2025","format":false,"excerpt":"\u2728 Einladung: 20 Jahre a comp\u00e1s \u2013 Wir feiern! \ud83d\udc83\ud83c\udfb6 Liebe Kinder, liebe Eltern, liebe Tanzbegeisterte, a comp\u00e1s wird 20 Jahre alt \u2013 und das feiern wir mit euch! \ud83c\udf89 Kommt vorbei und erlebt ein unvergessliches Fest: \ud83d\udcc5 Wann? Sonntag, 23. M\u00e4rz 2025\ud83d\udd52 Uhrzeit? 14:00 \u2013 20:00 Uhr Freut euch\u2026","rel":"","context":"En \u00abProgramm\u00bb","block_context":{"text":"Programm","link":"https:\/\/laura-la-risa.de\/category\/programm"},"img":{"alt_text":"","src":"https:\/\/i0.wp.com\/laura-la-risa.de\/wp-content\/uploads\/2019\/03\/Auftritt-zum-Orchesterball.jpg?fit=940%2C627&ssl=1&resize=350%2C200","width":350,"height":200,"srcset":"https:\/\/i0.wp.com\/laura-la-risa.de\/wp-content\/uploads\/2019\/03\/Auftritt-zum-Orchesterball.jpg?fit=940%2C627&ssl=1&resize=350%2C200 1x, https:\/\/i0.wp.com\/laura-la-risa.de\/wp-content\/uploads\/2019\/03\/Auftritt-zum-Orchesterball.jpg?fit=940%2C627&ssl=1&resize=525%2C300 1.5x, https:\/\/i0.wp.com\/laura-la-risa.de\/wp-content\/uploads\/2019\/03\/Auftritt-zum-Orchesterball.jpg?fit=940%2C627&ssl=1&resize=700%2C400 2x"},"classes":[]},{"id":32456,"url":"https:\/\/laura-la-risa.de\/es\/veranstaltungen-bis-ende-des-jahres","url_meta":{"origin":29912,"position":4},"title":"Veranstaltungen bis Ende des Jahres","author":"Emilio","date":"18. agosto 2024","format":false,"excerpt":"FLAMENCO & KONZERTE Einlass jeweils eine Stunde vor Beginn..mit hausgemachten Tapas und Kuchen\u2026 Karten\/Info\/Reservierung: www.acompas.de 1. de Triana al Mundo - Tablao Samstag, 31.08.24 \u00a0- \u00a020:00 Tanz: Roshanne Wijeyeratne, Fiona Malena, Gesang: Celedonio Garrido Gitarre. Gabriel Lorente 2. Sol Son Sombra - Tablao Samstag, 07.09.24 \u00a0- \u00a020:00 Tanz: Mariposa, Laura\u2026","rel":"","context":"En \u00abProgramm\u00bb","block_context":{"text":"Programm","link":"https:\/\/laura-la-risa.de\/category\/programm"},"img":{"alt_text":"","src":"https:\/\/i0.wp.com\/laura-la-risa.de\/wp-content\/uploads\/2016\/09\/laura_la_risa-treppe_adler.jpg?fit=1200%2C800&ssl=1&resize=350%2C200","width":350,"height":200,"srcset":"https:\/\/i0.wp.com\/laura-la-risa.de\/wp-content\/uploads\/2016\/09\/laura_la_risa-treppe_adler.jpg?fit=1200%2C800&ssl=1&resize=350%2C200 1x, https:\/\/i0.wp.com\/laura-la-risa.de\/wp-content\/uploads\/2016\/09\/laura_la_risa-treppe_adler.jpg?fit=1200%2C800&ssl=1&resize=525%2C300 1.5x, https:\/\/i0.wp.com\/laura-la-risa.de\/wp-content\/uploads\/2016\/09\/laura_la_risa-treppe_adler.jpg?fit=1200%2C800&ssl=1&resize=700%2C400 2x, https:\/\/i0.wp.com\/laura-la-risa.de\/wp-content\/uploads\/2016\/09\/laura_la_risa-treppe_adler.jpg?fit=1200%2C800&ssl=1&resize=1050%2C600 3x"},"classes":[]},{"id":30718,"url":"https:\/\/laura-la-risa.de\/es\/tag-der-offenen-tuer-14-jahre-a-compas","url_meta":{"origin":29912,"position":5},"title":"Tag der offenen T\u00fcr &#8211; 14 Jahre a comp\u00e1s","author":"Emilio","date":"31. marzo 2019","format":false,"excerpt":"Bienvenidos! 14 Jahre a comp\u00e1s Studio&Location! Am Sonntag, den 07.04.2019 feiert das a comp\u00e1s Studio&Location seinen 14. Geburtstag mit einem Tag der offenen T\u00fcr. Euch erwarten Tanzauftritte und ein Schauspiel, Ihr k\u00f6nnt in unsere Kurse hinein schnuppern, einfach zugucken und nat\u00fcrlich unsere Leckereien probieren.\u00a0Au\u00dferdem gibt es eine Pi\u00f1ata f\u00fcr alle\u2026","rel":"","context":"En \u00abEvent\u00bb","block_context":{"text":"Event","link":"https:\/\/laura-la-risa.de\/category\/event"},"img":{"alt_text":"","src":"https:\/\/i0.wp.com\/laura-la-risa.de\/wp-content\/uploads\/2019\/03\/tag-der-offenen-tuer.jpg?fit=960%2C720&ssl=1&resize=350%2C200","width":350,"height":200,"srcset":"https:\/\/i0.wp.com\/laura-la-risa.de\/wp-content\/uploads\/2019\/03\/tag-der-offenen-tuer.jpg?fit=960%2C720&ssl=1&resize=350%2C200 1x, https:\/\/i0.wp.com\/laura-la-risa.de\/wp-content\/uploads\/2019\/03\/tag-der-offenen-tuer.jpg?fit=960%2C720&ssl=1&resize=525%2C300 1.5x, https:\/\/i0.wp.com\/laura-la-risa.de\/wp-content\/uploads\/2019\/03\/tag-der-offenen-tuer.jpg?fit=960%2C720&ssl=1&resize=700%2C400 2x"},"classes":[]}],"jetpack_likes_enabled":true,"_links":{"self":[{"href":"https:\/\/laura-la-risa.de\/es\/wp-json\/wp\/v2\/posts\/29912","targetHints":{"allow":["GET"]}}],"collection":[{"href":"https:\/\/laura-la-risa.de\/es\/wp-json\/wp\/v2\/posts"}],"about":[{"href":"https:\/\/laura-la-risa.de\/es\/wp-json\/wp\/v2\/types\/post"}],"author":[{"embeddable":true,"href":"https:\/\/laura-la-risa.de\/es\/wp-json\/wp\/v2\/users\/1"}],"replies":[{"embeddable":true,"href":"https:\/\/laura-la-risa.de\/es\/wp-json\/wp\/v2\/comments?post=29912"}],"version-history":[{"count":1,"href":"https:\/\/laura-la-risa.de\/es\/wp-json\/wp\/v2\/posts\/29912\/revisions"}],"predecessor-version":[{"id":29914,"href":"https:\/\/laura-la-risa.de\/es\/wp-json\/wp\/v2\/posts\/29912\/revisions\/29914"}],"wp:featuredmedia":[{"embeddable":true,"href":"https:\/\/laura-la-risa.de\/es\/wp-json\/wp\/v2\/media\/29913"}],"wp:attachment":[{"href":"https:\/\/laura-la-risa.de\/es\/wp-json\/wp\/v2\/media?parent=29912"}],"wp:term":[{"taxonomy":"category","embeddable":true,"href":"https:\/\/laura-la-risa.de\/es\/wp-json\/wp\/v2\/categories?post=29912"},{"taxonomy":"post_tag","embeddable":true,"href":"https:\/\/laura-la-risa.de\/es\/wp-json\/wp\/v2\/tags?post=29912"}],"curies":[{"name":"wp","href":"https:\/\/api.w.org\/{rel}","templated":true}]}}