{"id":29928,"date":"2017-09-25T13:29:37","date_gmt":"2017-09-25T11:29:37","guid":{"rendered":"http:\/\/laura-la-risa.de.w01c716b.kasserver.com\/?p=29928"},"modified":"2017-09-25T13:31:33","modified_gmt":"2017-09-25T11:31:33","slug":"programm-2-halbjahr-2017","status":"publish","type":"post","link":"https:\/\/laura-la-risa.de\/es\/programm-2-halbjahr-2017","title":{"rendered":"Programm 2. Halbjahr 2017"},"content":{"rendered":"<h1><span style=\"color: #be1818;\">Programm<\/span> &#8211; 2. Halbjahr 2017<\/h1>\n<h2>Flamencotanztheater 2017<\/h2>\n<p>&nbsp;<\/p>\n<h3><span style=\"color: #be1818;\">\u201cla Casa de Bernarda Alba\u201d<\/span><\/h3>\n<p>Flamencotanztheater nach Federico Garcia Lorca<br \/>\nRegie: Laura la Risa<br \/>\nLaura la Risa y Compa\u00f1\u00eda<br \/>\n<a href=\"http:\/\/acompas.de\/kalender\/la-casa-de-bernarda-alba\/\">* 08.09.2017 20.00 Uhr<\/a><br \/>\na comp\u00e1s Studio&amp;Location<br \/>\nHasenheide 54, 10967 Berlin<br \/>\nInfo &amp; Karten: info@acompas.de<\/p>\n<h3><span style=\"color: #be1818;\">\u201ela Reina Infeliz &#8211; Noticias de una Loca\u201d<\/span><\/h3>\n<p>Flamencotanztheater Laura la Risa y Compa\u00f1\u00eda<br \/>\nRegie: Laura la Risa *04.11.2017 19.00 Uhr<br \/>\n<a href=\"http:\/\/www.labsaal.de\/veranstaltungen\/prograktl\/kalender.htm#laura_la_risa\">*04\/05.11. 2017 17.00 Uhr<\/a><br \/>\nLabsaal<br \/>\nAlt-L\u00fcbars 8, 13469 Berlin<br \/>\nwww.labsaal.de kontor@labsaal.de<br \/>\nKarten: 030\/41 10 75 75<\/p>\n<h3><span style=\"color: #be1818;\">\u201ela Reina Infeliz &#8211; Noticias de una Loca\u201d<\/span><\/h3>\n<p>Flamencotanztheater<br \/>\nLaura la Risa y Compa\u00f1\u00eda<br \/>\nRegie: Laura la Risa<br \/>\n<a href=\"http:\/\/www.ufafabrik.de\/de\/16714\/laura-la-risa-y-compania.html\">*24.11.2017 20.00 Uhr<\/a><br \/>\nUFA Fabrik, Berlin<br \/>\nVictoriastra\u00dfe 10, 12105 Berlin<br \/>\nInfo &amp; Karten: info@acompas.de<\/p>\n<h2>Flamencoauftritte 2017<\/h2>\n<p>&nbsp;<\/p>\n<h3><span style=\"color: #be1818;\">Paso a Paso<\/span><\/h3>\n<p>Solo \u2013 und Duoauftritte der jungen Flamencosch\u00fclerInnen<br \/>\n<a href=\"http:\/\/acompas.de\/kalender\/paso-a-paso\/\">*06.10.2017 19.30 Uhr<\/a><br \/>\na comp\u00e1s Studio&amp;Location<br \/>\nHasenheide 54, 10967 Berlin<br \/>\nInfo &amp; Karten: info@acompas.de<\/p>\n<h3><span style=\"color: #be1818;\">Laura la Risa &#8211; Ni\u00f1as y Flores<\/span><\/h3>\n<p>Familienflamencoprogramm<br \/>\n<a href=\"http:\/\/www.labsaal.de\/veranstaltungen\/prograktl\/kalender.htm#flamenco\">*15.10.2017 17.00 Uhr<\/a><br \/>\nLabsaal<br \/>\nAlt-L\u00fcbars 8, 13469 Berlin<br \/>\nwww.labsaal.de<br \/>\nkontor@labsaal.de<br \/>\nKarten: 030\/41 10 75 75<\/p>\n<h2>Workshops:<\/h2>\n<p>&nbsp;<\/p>\n<h3><span style=\"color: #be1818;\">Einfach Tanzen mit Laura la Risa<\/span><\/h3>\n<p><a href=\"http:\/\/laura-la-risa.de.w01c716b.kasserver.com\/wp-content\/uploads\/2017\/08\/2017-10-01-Einfach-Tanzen.pdf\">* 28.09. \u2013 07.12.2017<\/a><br \/>\n* 10 Termine &#8211; 19.15 \u2013 20.45 Uhr<br \/>\nAnmeldung: info@laura-la-risa.de<\/p>\n<h3><span style=\"color: #be1818;\">\u201cBaila Baila\u201d \u2013 Rumbas Flamencas<\/span><\/h3>\n<p>mit Laura la Risa<br \/>\n<a href=\"http:\/\/laura-la-risa.de.w01c716b.kasserver.com\/wp-content\/uploads\/2017\/08\/2017-09-22-Baila-baila-WS-4.pdf\">* 22. &#8211; 24.09.2017<\/a><br \/>\n* Fr 18.00 \u2013 19.30 Uhr<br \/>\n* Sa\/So 8.30 -10.00<br \/>\nAnmeldung: info@laura-la-risa.de<\/p>\n<h2>\u00f6ffentliche Tanztermine<\/h2>\n<p>&nbsp;<\/p>\n<h3><span style=\"color: #be1818;\">Sevillanas &#8211; Disco<\/span><\/h3>\n<p><a href=\"http:\/\/acompas.de\/kalender\/sevillanas-disco-4\/\">15.09.2017<\/a> und <a href=\"http:\/\/acompas.de\/kalender\/sevillanas-disco-5\/\">10.11.2017<\/a><br \/>\n* Anleitung mit Laura la Risa:<br \/>\n* 18.00 &#8211; 19.00 Uhr, Kosten: 8\u20ac<br \/>\n* Tanz: 19.00 &#8211; 22.00 Uhr<br \/>\na comp\u00e1s Studio&amp;Location<br \/>\nHasenheide 54, 10967 Berlin<br \/>\nVeranstalter: la Vasca Flamenca e.V<br \/>\nwww.la-vasca-flamenca.de<br \/>\nInfo: Laura la Risa<\/p>\n<h2>Jahresabschlu\u00dffeiern 2017<\/h2>\n<p>&nbsp;<\/p>\n<h3><span style=\"color: #be1818;\">Weihnachtsfeier der Tanzschritte<\/span><\/h3>\n<p><a href=\"http:\/\/acompas.de\/kalender\/weihnachtsfeier-der-tanzschritte\/\">* 02.12.2017 14.00 &#8211; 17.00 Uhr<\/a><br \/>\na comp\u00e1s Studio&amp;Location<br \/>\nHasenheide 54, 10967 Berlin<br \/>\ninfo@acompas.de<\/p>\n<h3><span style=\"color: #be1818;\">Sch\u00fclerweihnachtsgala 2017<\/span><\/h3>\n<p><a href=\"http:\/\/acompas.de\/kalender\/schuelerweihnachts-gala-2017\/\">* 09.12.2017 15.00 &#8211; 19.00 Uhr<\/a><br \/>\na comp\u00e1s Studio&amp;Location<br \/>\nHasenheide 54, 10967 Berlin<br \/>\ninfo@acompas.de<\/p>\n<h4><\/h4>\n<h4>Sonstiges<\/h4>\n<p><strong>Weihnachtsferien<\/strong><br \/>\nVom 23.12.2017 bis 02.01.2018 sind Weihnachtsferien im a comp\u00e1s.<\/p>\n<p><a href=\"http:\/\/laura-la-risa.de.w01c716b.kasserver.com\/wp-content\/uploads\/2017\/08\/2017-09-01-12-23-2.Halbjahr-17-1.pdf\">Zum Flyer<\/a><\/p>\n","protected":false},"excerpt":{"rendered":"<p>Programm &#8211; 2. Halbjahr 2017 Flamencotanztheater 2017 &nbsp; \u201cla Casa de Bernarda Alba\u201d Flamencotanztheater nach Federico Garcia Lorca Regie: Laura la Risa Laura la Risa y Compa\u00f1\u00eda * 08.09.2017 20.00 Uhr a comp\u00e1s Studio&amp;Location Hasenheide 54, 10967 Berlin Info &amp; Karten: info@acompas.de \u201ela Reina Infeliz &#8211; Noticias de una Loca\u201d Flamencotanztheater Laura la Risa y [&hellip;]<\/p>\n","protected":false},"author":1,"featured_media":29930,"comment_status":"open","ping_status":"open","sticky":false,"template":"","format":"standard","meta":{"_et_pb_use_builder":"","_et_pb_old_content":"","_et_gb_content_width":"","_jetpack_memberships_contains_paid_content":false,"footnotes":"","jetpack_publicize_message":"","jetpack_publicize_feature_enabled":true,"jetpack_social_post_already_shared":true,"jetpack_social_options":{"image_generator_settings":{"template":"highway","default_image_id":0,"font":"","enabled":false},"version":2}},"categories":[22],"tags":[],"class_list":["post-29928","post","type-post","status-publish","format-standard","has-post-thumbnail","hentry","category-programm"],"yoast_head":"<!-- This site is optimized with the Yoast SEO plugin v26.8 - https:\/\/yoast.com\/product\/yoast-seo-wordpress\/ -->\n<title>Programm 2. Halbjahr 2017 - Laura la Risa<\/title>\n<meta name=\"robots\" content=\"index, follow, max-snippet:-1, max-image-preview:large, max-video-preview:-1\" \/>\n<link rel=\"canonical\" href=\"https:\/\/laura-la-risa.de\/es\/programm-2-halbjahr-2017\" \/>\n<meta property=\"og:locale\" content=\"es_ES\" \/>\n<meta property=\"og:type\" content=\"article\" \/>\n<meta property=\"og:title\" content=\"Programm 2. Halbjahr 2017 - Laura la Risa\" \/>\n<meta property=\"og:description\" content=\"Programm &#8211; 2. Halbjahr 2017 Flamencotanztheater 2017 &nbsp; \u201cla Casa de Bernarda Alba\u201d Flamencotanztheater nach Federico Garcia Lorca Regie: Laura la Risa Laura la Risa y Compa\u00f1\u00eda * 08.09.2017 20.00 Uhr a comp\u00e1s Studio&amp;Location Hasenheide 54, 10967 Berlin Info &amp; Karten: info@acompas.de \u201ela Reina Infeliz &#8211; Noticias de una Loca\u201d Flamencotanztheater Laura la Risa y [&hellip;]\" \/>\n<meta property=\"og:url\" content=\"https:\/\/laura-la-risa.de\/programm-2-halbjahr-2017\" \/>\n<meta property=\"og:site_name\" content=\"Laura la Risa\" \/>\n<meta property=\"article:published_time\" content=\"2017-09-25T11:29:37+00:00\" \/>\n<meta property=\"article:modified_time\" content=\"2017-09-25T11:31:33+00:00\" \/>\n<meta property=\"og:image\" content=\"https:\/\/i0.wp.com\/laura-la-risa.de\/wp-content\/uploads\/2017\/09\/flamenco-programm.jpg?fit=960%2C640&ssl=1\" \/>\n\t<meta property=\"og:image:width\" content=\"960\" \/>\n\t<meta property=\"og:image:height\" content=\"640\" \/>\n\t<meta property=\"og:image:type\" content=\"image\/jpeg\" \/>\n<meta name=\"author\" content=\"Emilio\" \/>\n<meta name=\"twitter:card\" content=\"summary_large_image\" \/>\n<meta name=\"twitter:label1\" content=\"Escrito por\" \/>\n\t<meta name=\"twitter:data1\" content=\"Emilio\" \/>\n\t<meta name=\"twitter:label2\" content=\"Tiempo de lectura\" \/>\n\t<meta name=\"twitter:data2\" content=\"1 minuto\" \/>\n<script type=\"application\/ld+json\" class=\"yoast-schema-graph\">{\"@context\":\"https:\/\/schema.org\",\"@graph\":[{\"@type\":\"Article\",\"@id\":\"https:\/\/laura-la-risa.de\/programm-2-halbjahr-2017#article\",\"isPartOf\":{\"@id\":\"https:\/\/laura-la-risa.de\/programm-2-halbjahr-2017\"},\"author\":{\"name\":\"Emilio\",\"@id\":\"https:\/\/laura-la-risa.de\/#\/schema\/person\/8d3e1554bc4fc353e0c34589d1ca1c7a\"},\"headline\":\"Programm 2. Halbjahr 2017\",\"datePublished\":\"2017-09-25T11:29:37+00:00\",\"dateModified\":\"2017-09-25T11:31:33+00:00\",\"mainEntityOfPage\":{\"@id\":\"https:\/\/laura-la-risa.de\/programm-2-halbjahr-2017\"},\"wordCount\":272,\"commentCount\":0,\"image\":{\"@id\":\"https:\/\/laura-la-risa.de\/programm-2-halbjahr-2017#primaryimage\"},\"thumbnailUrl\":\"https:\/\/i0.wp.com\/laura-la-risa.de\/wp-content\/uploads\/2017\/09\/flamenco-programm.jpg?fit=960%2C640&ssl=1\",\"articleSection\":[\"Programm\"],\"inLanguage\":\"es\",\"potentialAction\":[{\"@type\":\"CommentAction\",\"name\":\"Comment\",\"target\":[\"https:\/\/laura-la-risa.de\/programm-2-halbjahr-2017#respond\"]}]},{\"@type\":\"WebPage\",\"@id\":\"https:\/\/laura-la-risa.de\/programm-2-halbjahr-2017\",\"url\":\"https:\/\/laura-la-risa.de\/programm-2-halbjahr-2017\",\"name\":\"Programm 2. Halbjahr 2017 - Laura la Risa\",\"isPartOf\":{\"@id\":\"https:\/\/laura-la-risa.de\/#website\"},\"primaryImageOfPage\":{\"@id\":\"https:\/\/laura-la-risa.de\/programm-2-halbjahr-2017#primaryimage\"},\"image\":{\"@id\":\"https:\/\/laura-la-risa.de\/programm-2-halbjahr-2017#primaryimage\"},\"thumbnailUrl\":\"https:\/\/i0.wp.com\/laura-la-risa.de\/wp-content\/uploads\/2017\/09\/flamenco-programm.jpg?fit=960%2C640&ssl=1\",\"datePublished\":\"2017-09-25T11:29:37+00:00\",\"dateModified\":\"2017-09-25T11:31:33+00:00\",\"author\":{\"@id\":\"https:\/\/laura-la-risa.de\/#\/schema\/person\/8d3e1554bc4fc353e0c34589d1ca1c7a\"},\"breadcrumb\":{\"@id\":\"https:\/\/laura-la-risa.de\/programm-2-halbjahr-2017#breadcrumb\"},\"inLanguage\":\"es\",\"potentialAction\":[{\"@type\":\"ReadAction\",\"target\":[\"https:\/\/laura-la-risa.de\/programm-2-halbjahr-2017\"]}]},{\"@type\":\"ImageObject\",\"inLanguage\":\"es\",\"@id\":\"https:\/\/laura-la-risa.de\/programm-2-halbjahr-2017#primaryimage\",\"url\":\"https:\/\/i0.wp.com\/laura-la-risa.de\/wp-content\/uploads\/2017\/09\/flamenco-programm.jpg?fit=960%2C640&ssl=1\",\"contentUrl\":\"https:\/\/i0.wp.com\/laura-la-risa.de\/wp-content\/uploads\/2017\/09\/flamenco-programm.jpg?fit=960%2C640&ssl=1\",\"width\":960,\"height\":640,\"caption\":\"Foto: Ralf Bieniek\"},{\"@type\":\"BreadcrumbList\",\"@id\":\"https:\/\/laura-la-risa.de\/programm-2-halbjahr-2017#breadcrumb\",\"itemListElement\":[{\"@type\":\"ListItem\",\"position\":1,\"name\":\"Startseite\",\"item\":\"https:\/\/laura-la-risa.de\/es\"},{\"@type\":\"ListItem\",\"position\":2,\"name\":\"Programm 2. Halbjahr 2017\"}]},{\"@type\":\"WebSite\",\"@id\":\"https:\/\/laura-la-risa.de\/#website\",\"url\":\"https:\/\/laura-la-risa.de\/\",\"name\":\"Laura la Risa\",\"description\":\"flamenco puro\",\"potentialAction\":[{\"@type\":\"SearchAction\",\"target\":{\"@type\":\"EntryPoint\",\"urlTemplate\":\"https:\/\/laura-la-risa.de\/?s={search_term_string}\"},\"query-input\":{\"@type\":\"PropertyValueSpecification\",\"valueRequired\":true,\"valueName\":\"search_term_string\"}}],\"inLanguage\":\"es\"},{\"@type\":\"Person\",\"@id\":\"https:\/\/laura-la-risa.de\/#\/schema\/person\/8d3e1554bc4fc353e0c34589d1ca1c7a\",\"name\":\"Emilio\",\"image\":{\"@type\":\"ImageObject\",\"inLanguage\":\"es\",\"@id\":\"https:\/\/laura-la-risa.de\/#\/schema\/person\/image\/\",\"url\":\"https:\/\/secure.gravatar.com\/avatar\/71bf4ba9e8d4ab29e6a45a65e6fa217b?s=96&d=mm&r=g\",\"contentUrl\":\"https:\/\/secure.gravatar.com\/avatar\/71bf4ba9e8d4ab29e6a45a65e6fa217b?s=96&d=mm&r=g\",\"caption\":\"Emilio\"},\"url\":\"https:\/\/laura-la-risa.de\/es\/author\/emilio\"}]}<\/script>\n<!-- \/ Yoast SEO plugin. -->","yoast_head_json":{"title":"Programm 2. Halbjahr 2017 - Laura la Risa","robots":{"index":"index","follow":"follow","max-snippet":"max-snippet:-1","max-image-preview":"max-image-preview:large","max-video-preview":"max-video-preview:-1"},"canonical":"https:\/\/laura-la-risa.de\/es\/programm-2-halbjahr-2017","og_locale":"es_ES","og_type":"article","og_title":"Programm 2. Halbjahr 2017 - Laura la Risa","og_description":"Programm &#8211; 2. Halbjahr 2017 Flamencotanztheater 2017 &nbsp; \u201cla Casa de Bernarda Alba\u201d Flamencotanztheater nach Federico Garcia Lorca Regie: Laura la Risa Laura la Risa y Compa\u00f1\u00eda * 08.09.2017 20.00 Uhr a comp\u00e1s Studio&amp;Location Hasenheide 54, 10967 Berlin Info &amp; Karten: info@acompas.de \u201ela Reina Infeliz &#8211; Noticias de una Loca\u201d Flamencotanztheater Laura la Risa y [&hellip;]","og_url":"https:\/\/laura-la-risa.de\/programm-2-halbjahr-2017","og_site_name":"Laura la Risa","article_published_time":"2017-09-25T11:29:37+00:00","article_modified_time":"2017-09-25T11:31:33+00:00","og_image":[{"width":960,"height":640,"url":"https:\/\/i0.wp.com\/laura-la-risa.de\/wp-content\/uploads\/2017\/09\/flamenco-programm.jpg?fit=960%2C640&ssl=1","type":"image\/jpeg"}],"author":"Emilio","twitter_card":"summary_large_image","twitter_misc":{"Escrito por":"Emilio","Tiempo de lectura":"1 minuto"},"schema":{"@context":"https:\/\/schema.org","@graph":[{"@type":"Article","@id":"https:\/\/laura-la-risa.de\/programm-2-halbjahr-2017#article","isPartOf":{"@id":"https:\/\/laura-la-risa.de\/programm-2-halbjahr-2017"},"author":{"name":"Emilio","@id":"https:\/\/laura-la-risa.de\/#\/schema\/person\/8d3e1554bc4fc353e0c34589d1ca1c7a"},"headline":"Programm 2. Halbjahr 2017","datePublished":"2017-09-25T11:29:37+00:00","dateModified":"2017-09-25T11:31:33+00:00","mainEntityOfPage":{"@id":"https:\/\/laura-la-risa.de\/programm-2-halbjahr-2017"},"wordCount":272,"commentCount":0,"image":{"@id":"https:\/\/laura-la-risa.de\/programm-2-halbjahr-2017#primaryimage"},"thumbnailUrl":"https:\/\/i0.wp.com\/laura-la-risa.de\/wp-content\/uploads\/2017\/09\/flamenco-programm.jpg?fit=960%2C640&ssl=1","articleSection":["Programm"],"inLanguage":"es","potentialAction":[{"@type":"CommentAction","name":"Comment","target":["https:\/\/laura-la-risa.de\/programm-2-halbjahr-2017#respond"]}]},{"@type":"WebPage","@id":"https:\/\/laura-la-risa.de\/programm-2-halbjahr-2017","url":"https:\/\/laura-la-risa.de\/programm-2-halbjahr-2017","name":"Programm 2. Halbjahr 2017 - Laura la Risa","isPartOf":{"@id":"https:\/\/laura-la-risa.de\/#website"},"primaryImageOfPage":{"@id":"https:\/\/laura-la-risa.de\/programm-2-halbjahr-2017#primaryimage"},"image":{"@id":"https:\/\/laura-la-risa.de\/programm-2-halbjahr-2017#primaryimage"},"thumbnailUrl":"https:\/\/i0.wp.com\/laura-la-risa.de\/wp-content\/uploads\/2017\/09\/flamenco-programm.jpg?fit=960%2C640&ssl=1","datePublished":"2017-09-25T11:29:37+00:00","dateModified":"2017-09-25T11:31:33+00:00","author":{"@id":"https:\/\/laura-la-risa.de\/#\/schema\/person\/8d3e1554bc4fc353e0c34589d1ca1c7a"},"breadcrumb":{"@id":"https:\/\/laura-la-risa.de\/programm-2-halbjahr-2017#breadcrumb"},"inLanguage":"es","potentialAction":[{"@type":"ReadAction","target":["https:\/\/laura-la-risa.de\/programm-2-halbjahr-2017"]}]},{"@type":"ImageObject","inLanguage":"es","@id":"https:\/\/laura-la-risa.de\/programm-2-halbjahr-2017#primaryimage","url":"https:\/\/i0.wp.com\/laura-la-risa.de\/wp-content\/uploads\/2017\/09\/flamenco-programm.jpg?fit=960%2C640&ssl=1","contentUrl":"https:\/\/i0.wp.com\/laura-la-risa.de\/wp-content\/uploads\/2017\/09\/flamenco-programm.jpg?fit=960%2C640&ssl=1","width":960,"height":640,"caption":"Foto: Ralf Bieniek"},{"@type":"BreadcrumbList","@id":"https:\/\/laura-la-risa.de\/programm-2-halbjahr-2017#breadcrumb","itemListElement":[{"@type":"ListItem","position":1,"name":"Startseite","item":"https:\/\/laura-la-risa.de\/es"},{"@type":"ListItem","position":2,"name":"Programm 2. Halbjahr 2017"}]},{"@type":"WebSite","@id":"https:\/\/laura-la-risa.de\/#website","url":"https:\/\/laura-la-risa.de\/","name":"Laura la Risa","description":"flamenco puro","potentialAction":[{"@type":"SearchAction","target":{"@type":"EntryPoint","urlTemplate":"https:\/\/laura-la-risa.de\/?s={search_term_string}"},"query-input":{"@type":"PropertyValueSpecification","valueRequired":true,"valueName":"search_term_string"}}],"inLanguage":"es"},{"@type":"Person","@id":"https:\/\/laura-la-risa.de\/#\/schema\/person\/8d3e1554bc4fc353e0c34589d1ca1c7a","name":"Emilio","image":{"@type":"ImageObject","inLanguage":"es","@id":"https:\/\/laura-la-risa.de\/#\/schema\/person\/image\/","url":"https:\/\/secure.gravatar.com\/avatar\/71bf4ba9e8d4ab29e6a45a65e6fa217b?s=96&d=mm&r=g","contentUrl":"https:\/\/secure.gravatar.com\/avatar\/71bf4ba9e8d4ab29e6a45a65e6fa217b?s=96&d=mm&r=g","caption":"Emilio"},"url":"https:\/\/laura-la-risa.de\/es\/author\/emilio"}]}},"jetpack_publicize_connections":[],"jetpack_featured_media_url":"https:\/\/i0.wp.com\/laura-la-risa.de\/wp-content\/uploads\/2017\/09\/flamenco-programm.jpg?fit=960%2C640&ssl=1","jetpack_sharing_enabled":true,"jetpack_shortlink":"https:\/\/wp.me\/p972UP-7MI","jetpack-related-posts":[{"id":29948,"url":"https:\/\/laura-la-risa.de\/es\/la-reina-infeliz-noticias-de-una-loca","url_meta":{"origin":29928,"position":0},"title":"\u00abla Reina Infeliz &#8211; Noticias de una Loca\u00bb","author":"Laura la Risa","date":"19. octubre 2017","format":false,"excerpt":"Laura la Risa y Compa\u00f1\u00eda La Reina Infeliz. Noticias de una Loca. Flamencotanztheater mit Tanzelementen aus Flamenco, Street Dance, Burlesque und Modern 04.11.2017 19.00 Uhr LabSaal Alt-L\u00fcbars 05.11.2017 17.00 Uhr im LabSaal Alt-L\u00fcbars 24.11.2017 20.00 Uhr in der UFA Fabrik Berlin Tempelhof Nach dem gro\u00dfen Erfolg der Auff\u00fchrung im Herbst\u2026","rel":"","context":"En \u00abTheaterst\u00fcck\u00bb","block_context":{"text":"Theaterst\u00fcck","link":"https:\/\/laura-la-risa.de\/category\/theaterstueck"},"img":{"alt_text":"La Reina Infeliz 2016","src":"https:\/\/i0.wp.com\/laura-la-risa.de\/wp-content\/uploads\/2016\/09\/la-reina-infeliz-2016.jpg?fit=800%2C800&ssl=1&resize=350%2C200","width":350,"height":200,"srcset":"https:\/\/i0.wp.com\/laura-la-risa.de\/wp-content\/uploads\/2016\/09\/la-reina-infeliz-2016.jpg?fit=800%2C800&ssl=1&resize=350%2C200 1x, https:\/\/i0.wp.com\/laura-la-risa.de\/wp-content\/uploads\/2016\/09\/la-reina-infeliz-2016.jpg?fit=800%2C800&ssl=1&resize=525%2C300 1.5x, https:\/\/i0.wp.com\/laura-la-risa.de\/wp-content\/uploads\/2016\/09\/la-reina-infeliz-2016.jpg?fit=800%2C800&ssl=1&resize=700%2C400 2x"},"classes":[]},{"id":32775,"url":"https:\/\/laura-la-risa.de\/es\/der-mai-mit-laura-la-risa","url_meta":{"origin":29928,"position":1},"title":"der Mai mit Laura la Risa","author":"Emilio","date":"29. abril 2025","format":false,"excerpt":"Ihr Lieben! Hoffentlich hatten alle sch\u00f6ne Osterferien! Das a comp\u00e1s ist wieder regul\u00e4r ge\u00f6ffnet und es geht nun gleich weiter mit Unterricht, Workshops und Auftritten bei allen Dozent*innen. Hier die \u00dcbersicht: AUFTRITTE 1. Do 01.Mai 2025 Fr\u00fchlingsfest im Seebad Friedrichshagen Flamenco Ol\u00e9 mit Laura la Risa y Compa\u00f1ia ab 15:00\u2026","rel":"","context":"En \u00abUnkategorisiert\u00bb","block_context":{"text":"Unkategorisiert","link":"https:\/\/laura-la-risa.de\/category\/unkategorisiert"},"img":{"alt_text":"Laura la RIsa","src":"https:\/\/i0.wp.com\/laura-la-risa.de\/wp-content\/uploads\/2019\/08\/0580.jpg?fit=1200%2C800&ssl=1&resize=350%2C200","width":350,"height":200,"srcset":"https:\/\/i0.wp.com\/laura-la-risa.de\/wp-content\/uploads\/2019\/08\/0580.jpg?fit=1200%2C800&ssl=1&resize=350%2C200 1x, https:\/\/i0.wp.com\/laura-la-risa.de\/wp-content\/uploads\/2019\/08\/0580.jpg?fit=1200%2C800&ssl=1&resize=525%2C300 1.5x, https:\/\/i0.wp.com\/laura-la-risa.de\/wp-content\/uploads\/2019\/08\/0580.jpg?fit=1200%2C800&ssl=1&resize=700%2C400 2x, https:\/\/i0.wp.com\/laura-la-risa.de\/wp-content\/uploads\/2019\/08\/0580.jpg?fit=1200%2C800&ssl=1&resize=1050%2C600 3x"},"classes":[]},{"id":31435,"url":"https:\/\/laura-la-risa.de\/es\/bar-estacion","url_meta":{"origin":29928,"position":2},"title":"Bar Estaci\u00f3n","author":"Emilio","date":"3. agosto 2021","format":false,"excerpt":"Flamencotanztheater 27. u 28.08.2021 \u2013\u00a0 20:00 Uhr Ort: Cafe Theater Schalotte Regie & Choreografie: Laura la Risa Tanz: Laura la Risa y su equipo de baile musikalische Begleitung: Juan C\u00e1rdenas, Valle Monje Bar Estaci\u00f3n \u2026 ist eine Ode an die einsamen Bars der kleinen Vorstadtbahnh\u00f6fe. Auf ihrem Weg an diesem\u2026","rel":"","context":"En \u00abTheaterst\u00fcck\u00bb","block_context":{"text":"Theaterst\u00fcck","link":"https:\/\/laura-la-risa.de\/category\/theaterstueck"},"img":{"alt_text":"","src":"https:\/\/i0.wp.com\/laura-la-risa.de\/wp-content\/uploads\/2021\/08\/bar-estacion-flamenco-1.jpg?fit=678%2C960&ssl=1&resize=350%2C200","width":350,"height":200,"srcset":"https:\/\/i0.wp.com\/laura-la-risa.de\/wp-content\/uploads\/2021\/08\/bar-estacion-flamenco-1.jpg?fit=678%2C960&ssl=1&resize=350%2C200 1x, https:\/\/i0.wp.com\/laura-la-risa.de\/wp-content\/uploads\/2021\/08\/bar-estacion-flamenco-1.jpg?fit=678%2C960&ssl=1&resize=525%2C300 1.5x"},"classes":[]},{"id":32861,"url":"https:\/\/laura-la-risa.de\/es\/laura-la-risa-y-compania","url_meta":{"origin":29928,"position":3},"title":"FLAMENCAS &#8211; Laura la Risa y Compa\u00f1ia","author":"Emilio","date":"29. julio 2025","format":false,"excerpt":"Erleben Sie eine mitrei\u00dfende Nacht voller Leidenschaft, Rhythmus und Seele!Tauchen Sie ein in die Welt des Flamenco mit: Tanz:Ana SojorCarina la DeblaLaura la RisaWinnie-Fee Golda y Pauli\u201eLas Perlas del Comp\u00e1s\u201c Gesang:Maria la Prenda Gitarre:Valle Monje \ud83d\udcc5 Samstag, 11. Oktober 2025\ud83d\udd57 20:00 Uhr\ud83d\udccd Caf\u00e9 Theater SchalotteBehaimstra\u00dfe 22, 10585 Berlin \ud83c\udf9f\ufe0f Eintritt:\u2026","rel":"","context":"En \u00abFlamencoauftritt\u00bb","block_context":{"text":"Flamencoauftritt","link":"https:\/\/laura-la-risa.de\/category\/flamencoauftritt"},"img":{"alt_text":"","src":"https:\/\/i0.wp.com\/laura-la-risa.de\/wp-content\/uploads\/2025\/07\/flamencas-laura-la-risa-y-compania.jpg?fit=683%2C960&ssl=1&resize=350%2C200","width":350,"height":200,"srcset":"https:\/\/i0.wp.com\/laura-la-risa.de\/wp-content\/uploads\/2025\/07\/flamencas-laura-la-risa-y-compania.jpg?fit=683%2C960&ssl=1&resize=350%2C200 1x, https:\/\/i0.wp.com\/laura-la-risa.de\/wp-content\/uploads\/2025\/07\/flamencas-laura-la-risa-y-compania.jpg?fit=683%2C960&ssl=1&resize=525%2C300 1.5x"},"classes":[]},{"id":29942,"url":"https:\/\/laura-la-risa.de\/es\/flamenco-puro","url_meta":{"origin":29928,"position":4},"title":"Flamenco Puro","author":"Laura la Risa","date":"6. octubre 2017","format":false,"excerpt":"Laura la Risa Ni\u00f1as y Flores im LabSaal - L\u00fcbars, Alt-L\u00fcbars 8,13469 Berlin Sonntag, 15.10.2017 um 17.00 Uhr Ein andalusisches Fest mit Tanz, Gesang und Gitarre. Die Flamencot\u00e4nzerin und Choreographin Laura la Risa wird die Zuschauer mit den Auftritten ihrer Compa\u00f1ia in den S\u00fcden Spaniens entf\u00fchren und begeistern. Wie in\u2026","rel":"","context":"En \u00abFlamencoauftritt\u00bb","block_context":{"text":"Flamencoauftritt","link":"https:\/\/laura-la-risa.de\/category\/flamencoauftritt"},"img":{"alt_text":"","src":"https:\/\/i0.wp.com\/laura-la-risa.de\/wp-content\/uploads\/2016\/09\/laura-la-risa-1024x684.jpg?fit=1024%2C684&ssl=1&resize=350%2C200","width":350,"height":200,"srcset":"https:\/\/i0.wp.com\/laura-la-risa.de\/wp-content\/uploads\/2016\/09\/laura-la-risa-1024x684.jpg?fit=1024%2C684&ssl=1&resize=350%2C200 1x, https:\/\/i0.wp.com\/laura-la-risa.de\/wp-content\/uploads\/2016\/09\/laura-la-risa-1024x684.jpg?fit=1024%2C684&ssl=1&resize=525%2C300 1.5x, https:\/\/i0.wp.com\/laura-la-risa.de\/wp-content\/uploads\/2016\/09\/laura-la-risa-1024x684.jpg?fit=1024%2C684&ssl=1&resize=700%2C400 2x"},"classes":[]},{"id":30698,"url":"https:\/\/laura-la-risa.de\/es\/flamenco-flamenco","url_meta":{"origin":29928,"position":5},"title":"Flamenco! Flamenco!","author":"Emilio","date":"10. febrero 2019","format":false,"excerpt":"Die Flamencot\u00e4nzerin und Choreographin Laura la Risa, begeistert erneut mit dem Auftritt ihrer Compa\u00f1ia im Cafe Theater Schalotte. Nach gro\u00dfem Publikumserfolg in den Vorjahren, erwartet die Besucher auch in diesem Jahr wieder ein Farbenmeer sch\u00f6ner Kost\u00fcme und T\u00e4nze. H\u00f6hepunkt werden wieder die\u2026","rel":"","context":"En \u00abFlamencoauftritt\u00bb","block_context":{"text":"Flamencoauftritt","link":"https:\/\/laura-la-risa.de\/category\/flamencoauftritt"},"img":{"alt_text":"Flamenco! Flamenco!","src":"https:\/\/i0.wp.com\/laura-la-risa.de\/wp-content\/uploads\/2019\/02\/flamenco-flamenco.jpg?fit=960%2C688&ssl=1&resize=350%2C200","width":350,"height":200,"srcset":"https:\/\/i0.wp.com\/laura-la-risa.de\/wp-content\/uploads\/2019\/02\/flamenco-flamenco.jpg?fit=960%2C688&ssl=1&resize=350%2C200 1x, https:\/\/i0.wp.com\/laura-la-risa.de\/wp-content\/uploads\/2019\/02\/flamenco-flamenco.jpg?fit=960%2C688&ssl=1&resize=525%2C300 1.5x, https:\/\/i0.wp.com\/laura-la-risa.de\/wp-content\/uploads\/2019\/02\/flamenco-flamenco.jpg?fit=960%2C688&ssl=1&resize=700%2C400 2x"},"classes":[]}],"jetpack_likes_enabled":true,"_links":{"self":[{"href":"https:\/\/laura-la-risa.de\/es\/wp-json\/wp\/v2\/posts\/29928","targetHints":{"allow":["GET"]}}],"collection":[{"href":"https:\/\/laura-la-risa.de\/es\/wp-json\/wp\/v2\/posts"}],"about":[{"href":"https:\/\/laura-la-risa.de\/es\/wp-json\/wp\/v2\/types\/post"}],"author":[{"embeddable":true,"href":"https:\/\/laura-la-risa.de\/es\/wp-json\/wp\/v2\/users\/1"}],"replies":[{"embeddable":true,"href":"https:\/\/laura-la-risa.de\/es\/wp-json\/wp\/v2\/comments?post=29928"}],"version-history":[{"count":4,"href":"https:\/\/laura-la-risa.de\/es\/wp-json\/wp\/v2\/posts\/29928\/revisions"}],"predecessor-version":[{"id":29933,"href":"https:\/\/laura-la-risa.de\/es\/wp-json\/wp\/v2\/posts\/29928\/revisions\/29933"}],"wp:featuredmedia":[{"embeddable":true,"href":"https:\/\/laura-la-risa.de\/es\/wp-json\/wp\/v2\/media\/29930"}],"wp:attachment":[{"href":"https:\/\/laura-la-risa.de\/es\/wp-json\/wp\/v2\/media?parent=29928"}],"wp:term":[{"taxonomy":"category","embeddable":true,"href":"https:\/\/laura-la-risa.de\/es\/wp-json\/wp\/v2\/categories?post=29928"},{"taxonomy":"post_tag","embeddable":true,"href":"https:\/\/laura-la-risa.de\/es\/wp-json\/wp\/v2\/tags?post=29928"}],"curies":[{"name":"wp","href":"https:\/\/api.w.org\/{rel}","templated":true}]}}