{"id":30785,"date":"2019-06-23T19:00:18","date_gmt":"2019-06-23T17:00:18","guid":{"rendered":"http:\/\/laura-la-risa.de.w01c716b.kasserver.com\/?p=30785"},"modified":"2019-06-12T21:05:37","modified_gmt":"2019-06-12T19:05:37","slug":"alegrias-con-bata-de-cola-fuer-fortgeschrittene","status":"publish","type":"post","link":"https:\/\/laura-la-risa.de\/es\/alegrias-con-bata-de-cola-fuer-fortgeschrittene","title":{"rendered":"Alegrias con Bata de Cola f\u00fcr Fortgeschrittene"},"content":{"rendered":"<blockquote class=\"wp-embedded-content\" data-secret=\"WErTEIaOaQ\"><p><a href=\"http:\/\/acompas.de\/kalender\/tecnica-y-baile-de-bata-de-cola-fuer-fortgeschrittene\/2019-08-10\/\">Alegrias con Bata de Cola f\u00fcr Fortgeschrittene<\/a><\/p><\/blockquote>\n<p><iframe loading=\"lazy\" title=\"&#8222;Alegrias con Bata de Cola f\u00fcr Fortgeschrittene&#8220; &#8212; a comp\u00e1s Studio&amp;Location\" class=\"wp-embedded-content\" sandbox=\"allow-scripts\" security=\"restricted\" style=\"position: absolute; clip: rect(1px, 1px, 1px, 1px);\" src=\"http:\/\/acompas.de\/kalender\/tecnica-y-baile-de-bata-de-cola-fuer-fortgeschrittene\/2019-08-10\/embed\/#?secret=WErTEIaOaQ\" data-secret=\"WErTEIaOaQ\" width=\"600\" height=\"338\" frameborder=\"0\" marginwidth=\"0\" marginheight=\"0\" scrolling=\"no\"><\/iframe><\/p>\n<p>&nbsp;<\/p>\n","protected":false},"excerpt":{"rendered":"<p>Alegrias con Bata de Cola f\u00fcr Fortgeschrittene &nbsp;<\/p>\n","protected":false},"author":1,"featured_media":30786,"comment_status":"closed","ping_status":"open","sticky":false,"template":"","format":"standard","meta":{"_et_pb_use_builder":"","_et_pb_old_content":"","_et_gb_content_width":"","_jetpack_memberships_contains_paid_content":false,"footnotes":"","jetpack_publicize_message":"","jetpack_publicize_feature_enabled":true,"jetpack_social_post_already_shared":true,"jetpack_social_options":{"image_generator_settings":{"template":"highway","default_image_id":0,"font":"","enabled":false},"version":2}},"categories":[12],"tags":[],"class_list":["post-30785","post","type-post","status-publish","format-standard","has-post-thumbnail","hentry","category-workshop"],"yoast_head":"<!-- This site is optimized with the Yoast SEO plugin v26.8 - https:\/\/yoast.com\/product\/yoast-seo-wordpress\/ -->\n<title>Alegrias con Bata de Cola f\u00fcr Fortgeschrittene - Laura la Risa<\/title>\n<meta name=\"robots\" content=\"index, follow, max-snippet:-1, max-image-preview:large, max-video-preview:-1\" \/>\n<link rel=\"canonical\" href=\"https:\/\/laura-la-risa.de\/es\/alegrias-con-bata-de-cola-fuer-fortgeschrittene\" \/>\n<meta property=\"og:locale\" content=\"es_ES\" \/>\n<meta property=\"og:type\" content=\"article\" \/>\n<meta property=\"og:title\" content=\"Alegrias con Bata de Cola f\u00fcr Fortgeschrittene - Laura la Risa\" \/>\n<meta property=\"og:description\" content=\"Alegrias con Bata de Cola f\u00fcr Fortgeschrittene &nbsp;\" \/>\n<meta property=\"og:url\" content=\"https:\/\/laura-la-risa.de\/alegrias-con-bata-de-cola-fuer-fortgeschrittene\" \/>\n<meta property=\"og:site_name\" content=\"Laura la Risa\" \/>\n<meta property=\"article:published_time\" content=\"2019-06-23T17:00:18+00:00\" \/>\n<meta property=\"og:image\" content=\"https:\/\/i0.wp.com\/laura-la-risa.de\/wp-content\/uploads\/2019\/06\/laura-la-risa-la-reina.jpg?fit=681%2C960&ssl=1\" \/>\n\t<meta property=\"og:image:width\" content=\"681\" \/>\n\t<meta property=\"og:image:height\" content=\"960\" \/>\n\t<meta property=\"og:image:type\" content=\"image\/jpeg\" \/>\n<meta name=\"author\" content=\"Emilio\" \/>\n<meta name=\"twitter:card\" content=\"summary_large_image\" \/>\n<meta name=\"twitter:label1\" content=\"Escrito por\" \/>\n\t<meta name=\"twitter:data1\" content=\"Emilio\" \/>\n<script type=\"application\/ld+json\" class=\"yoast-schema-graph\">{\"@context\":\"https:\/\/schema.org\",\"@graph\":[{\"@type\":\"Article\",\"@id\":\"https:\/\/laura-la-risa.de\/alegrias-con-bata-de-cola-fuer-fortgeschrittene#article\",\"isPartOf\":{\"@id\":\"https:\/\/laura-la-risa.de\/alegrias-con-bata-de-cola-fuer-fortgeschrittene\"},\"author\":{\"name\":\"Emilio\",\"@id\":\"https:\/\/laura-la-risa.de\/#\/schema\/person\/8d3e1554bc4fc353e0c34589d1ca1c7a\"},\"headline\":\"Alegrias con Bata de Cola f\u00fcr Fortgeschrittene\",\"datePublished\":\"2019-06-23T17:00:18+00:00\",\"mainEntityOfPage\":{\"@id\":\"https:\/\/laura-la-risa.de\/alegrias-con-bata-de-cola-fuer-fortgeschrittene\"},\"wordCount\":16,\"image\":{\"@id\":\"https:\/\/laura-la-risa.de\/alegrias-con-bata-de-cola-fuer-fortgeschrittene#primaryimage\"},\"thumbnailUrl\":\"https:\/\/i0.wp.com\/laura-la-risa.de\/wp-content\/uploads\/2019\/06\/laura-la-risa-la-reina.jpg?fit=681%2C960&ssl=1\",\"articleSection\":[\"Workshop\"],\"inLanguage\":\"es\"},{\"@type\":\"WebPage\",\"@id\":\"https:\/\/laura-la-risa.de\/alegrias-con-bata-de-cola-fuer-fortgeschrittene\",\"url\":\"https:\/\/laura-la-risa.de\/alegrias-con-bata-de-cola-fuer-fortgeschrittene\",\"name\":\"Alegrias con Bata de Cola f\u00fcr Fortgeschrittene - Laura la Risa\",\"isPartOf\":{\"@id\":\"https:\/\/laura-la-risa.de\/#website\"},\"primaryImageOfPage\":{\"@id\":\"https:\/\/laura-la-risa.de\/alegrias-con-bata-de-cola-fuer-fortgeschrittene#primaryimage\"},\"image\":{\"@id\":\"https:\/\/laura-la-risa.de\/alegrias-con-bata-de-cola-fuer-fortgeschrittene#primaryimage\"},\"thumbnailUrl\":\"https:\/\/i0.wp.com\/laura-la-risa.de\/wp-content\/uploads\/2019\/06\/laura-la-risa-la-reina.jpg?fit=681%2C960&ssl=1\",\"datePublished\":\"2019-06-23T17:00:18+00:00\",\"author\":{\"@id\":\"https:\/\/laura-la-risa.de\/#\/schema\/person\/8d3e1554bc4fc353e0c34589d1ca1c7a\"},\"breadcrumb\":{\"@id\":\"https:\/\/laura-la-risa.de\/alegrias-con-bata-de-cola-fuer-fortgeschrittene#breadcrumb\"},\"inLanguage\":\"es\",\"potentialAction\":[{\"@type\":\"ReadAction\",\"target\":[\"https:\/\/laura-la-risa.de\/alegrias-con-bata-de-cola-fuer-fortgeschrittene\"]}]},{\"@type\":\"ImageObject\",\"inLanguage\":\"es\",\"@id\":\"https:\/\/laura-la-risa.de\/alegrias-con-bata-de-cola-fuer-fortgeschrittene#primaryimage\",\"url\":\"https:\/\/i0.wp.com\/laura-la-risa.de\/wp-content\/uploads\/2019\/06\/laura-la-risa-la-reina.jpg?fit=681%2C960&ssl=1\",\"contentUrl\":\"https:\/\/i0.wp.com\/laura-la-risa.de\/wp-content\/uploads\/2019\/06\/laura-la-risa-la-reina.jpg?fit=681%2C960&ssl=1\",\"width\":681,\"height\":960,\"caption\":\"Foto: Ralf Bieniek\"},{\"@type\":\"BreadcrumbList\",\"@id\":\"https:\/\/laura-la-risa.de\/alegrias-con-bata-de-cola-fuer-fortgeschrittene#breadcrumb\",\"itemListElement\":[{\"@type\":\"ListItem\",\"position\":1,\"name\":\"Startseite\",\"item\":\"https:\/\/laura-la-risa.de\/es\"},{\"@type\":\"ListItem\",\"position\":2,\"name\":\"Alegrias con Bata de Cola f\u00fcr Fortgeschrittene\"}]},{\"@type\":\"WebSite\",\"@id\":\"https:\/\/laura-la-risa.de\/#website\",\"url\":\"https:\/\/laura-la-risa.de\/\",\"name\":\"Laura la Risa\",\"description\":\"flamenco puro\",\"potentialAction\":[{\"@type\":\"SearchAction\",\"target\":{\"@type\":\"EntryPoint\",\"urlTemplate\":\"https:\/\/laura-la-risa.de\/?s={search_term_string}\"},\"query-input\":{\"@type\":\"PropertyValueSpecification\",\"valueRequired\":true,\"valueName\":\"search_term_string\"}}],\"inLanguage\":\"es\"},{\"@type\":\"Person\",\"@id\":\"https:\/\/laura-la-risa.de\/#\/schema\/person\/8d3e1554bc4fc353e0c34589d1ca1c7a\",\"name\":\"Emilio\",\"image\":{\"@type\":\"ImageObject\",\"inLanguage\":\"es\",\"@id\":\"https:\/\/laura-la-risa.de\/#\/schema\/person\/image\/\",\"url\":\"https:\/\/secure.gravatar.com\/avatar\/71bf4ba9e8d4ab29e6a45a65e6fa217b?s=96&d=mm&r=g\",\"contentUrl\":\"https:\/\/secure.gravatar.com\/avatar\/71bf4ba9e8d4ab29e6a45a65e6fa217b?s=96&d=mm&r=g\",\"caption\":\"Emilio\"},\"url\":\"https:\/\/laura-la-risa.de\/es\/author\/emilio\"}]}<\/script>\n<!-- \/ Yoast SEO plugin. -->","yoast_head_json":{"title":"Alegrias con Bata de Cola f\u00fcr Fortgeschrittene - Laura la Risa","robots":{"index":"index","follow":"follow","max-snippet":"max-snippet:-1","max-image-preview":"max-image-preview:large","max-video-preview":"max-video-preview:-1"},"canonical":"https:\/\/laura-la-risa.de\/es\/alegrias-con-bata-de-cola-fuer-fortgeschrittene","og_locale":"es_ES","og_type":"article","og_title":"Alegrias con Bata de Cola f\u00fcr Fortgeschrittene - Laura la Risa","og_description":"Alegrias con Bata de Cola f\u00fcr Fortgeschrittene &nbsp;","og_url":"https:\/\/laura-la-risa.de\/alegrias-con-bata-de-cola-fuer-fortgeschrittene","og_site_name":"Laura la Risa","article_published_time":"2019-06-23T17:00:18+00:00","og_image":[{"width":681,"height":960,"url":"https:\/\/i0.wp.com\/laura-la-risa.de\/wp-content\/uploads\/2019\/06\/laura-la-risa-la-reina.jpg?fit=681%2C960&ssl=1","type":"image\/jpeg"}],"author":"Emilio","twitter_card":"summary_large_image","twitter_misc":{"Escrito por":"Emilio"},"schema":{"@context":"https:\/\/schema.org","@graph":[{"@type":"Article","@id":"https:\/\/laura-la-risa.de\/alegrias-con-bata-de-cola-fuer-fortgeschrittene#article","isPartOf":{"@id":"https:\/\/laura-la-risa.de\/alegrias-con-bata-de-cola-fuer-fortgeschrittene"},"author":{"name":"Emilio","@id":"https:\/\/laura-la-risa.de\/#\/schema\/person\/8d3e1554bc4fc353e0c34589d1ca1c7a"},"headline":"Alegrias con Bata de Cola f\u00fcr Fortgeschrittene","datePublished":"2019-06-23T17:00:18+00:00","mainEntityOfPage":{"@id":"https:\/\/laura-la-risa.de\/alegrias-con-bata-de-cola-fuer-fortgeschrittene"},"wordCount":16,"image":{"@id":"https:\/\/laura-la-risa.de\/alegrias-con-bata-de-cola-fuer-fortgeschrittene#primaryimage"},"thumbnailUrl":"https:\/\/i0.wp.com\/laura-la-risa.de\/wp-content\/uploads\/2019\/06\/laura-la-risa-la-reina.jpg?fit=681%2C960&ssl=1","articleSection":["Workshop"],"inLanguage":"es"},{"@type":"WebPage","@id":"https:\/\/laura-la-risa.de\/alegrias-con-bata-de-cola-fuer-fortgeschrittene","url":"https:\/\/laura-la-risa.de\/alegrias-con-bata-de-cola-fuer-fortgeschrittene","name":"Alegrias con Bata de Cola f\u00fcr Fortgeschrittene - Laura la Risa","isPartOf":{"@id":"https:\/\/laura-la-risa.de\/#website"},"primaryImageOfPage":{"@id":"https:\/\/laura-la-risa.de\/alegrias-con-bata-de-cola-fuer-fortgeschrittene#primaryimage"},"image":{"@id":"https:\/\/laura-la-risa.de\/alegrias-con-bata-de-cola-fuer-fortgeschrittene#primaryimage"},"thumbnailUrl":"https:\/\/i0.wp.com\/laura-la-risa.de\/wp-content\/uploads\/2019\/06\/laura-la-risa-la-reina.jpg?fit=681%2C960&ssl=1","datePublished":"2019-06-23T17:00:18+00:00","author":{"@id":"https:\/\/laura-la-risa.de\/#\/schema\/person\/8d3e1554bc4fc353e0c34589d1ca1c7a"},"breadcrumb":{"@id":"https:\/\/laura-la-risa.de\/alegrias-con-bata-de-cola-fuer-fortgeschrittene#breadcrumb"},"inLanguage":"es","potentialAction":[{"@type":"ReadAction","target":["https:\/\/laura-la-risa.de\/alegrias-con-bata-de-cola-fuer-fortgeschrittene"]}]},{"@type":"ImageObject","inLanguage":"es","@id":"https:\/\/laura-la-risa.de\/alegrias-con-bata-de-cola-fuer-fortgeschrittene#primaryimage","url":"https:\/\/i0.wp.com\/laura-la-risa.de\/wp-content\/uploads\/2019\/06\/laura-la-risa-la-reina.jpg?fit=681%2C960&ssl=1","contentUrl":"https:\/\/i0.wp.com\/laura-la-risa.de\/wp-content\/uploads\/2019\/06\/laura-la-risa-la-reina.jpg?fit=681%2C960&ssl=1","width":681,"height":960,"caption":"Foto: Ralf Bieniek"},{"@type":"BreadcrumbList","@id":"https:\/\/laura-la-risa.de\/alegrias-con-bata-de-cola-fuer-fortgeschrittene#breadcrumb","itemListElement":[{"@type":"ListItem","position":1,"name":"Startseite","item":"https:\/\/laura-la-risa.de\/es"},{"@type":"ListItem","position":2,"name":"Alegrias con Bata de Cola f\u00fcr Fortgeschrittene"}]},{"@type":"WebSite","@id":"https:\/\/laura-la-risa.de\/#website","url":"https:\/\/laura-la-risa.de\/","name":"Laura la Risa","description":"flamenco puro","potentialAction":[{"@type":"SearchAction","target":{"@type":"EntryPoint","urlTemplate":"https:\/\/laura-la-risa.de\/?s={search_term_string}"},"query-input":{"@type":"PropertyValueSpecification","valueRequired":true,"valueName":"search_term_string"}}],"inLanguage":"es"},{"@type":"Person","@id":"https:\/\/laura-la-risa.de\/#\/schema\/person\/8d3e1554bc4fc353e0c34589d1ca1c7a","name":"Emilio","image":{"@type":"ImageObject","inLanguage":"es","@id":"https:\/\/laura-la-risa.de\/#\/schema\/person\/image\/","url":"https:\/\/secure.gravatar.com\/avatar\/71bf4ba9e8d4ab29e6a45a65e6fa217b?s=96&d=mm&r=g","contentUrl":"https:\/\/secure.gravatar.com\/avatar\/71bf4ba9e8d4ab29e6a45a65e6fa217b?s=96&d=mm&r=g","caption":"Emilio"},"url":"https:\/\/laura-la-risa.de\/es\/author\/emilio"}]}},"jetpack_publicize_connections":[],"jetpack_featured_media_url":"https:\/\/i0.wp.com\/laura-la-risa.de\/wp-content\/uploads\/2019\/06\/laura-la-risa-la-reina.jpg?fit=681%2C960&ssl=1","jetpack_sharing_enabled":true,"jetpack_shortlink":"https:\/\/wp.me\/p972UP-80x","jetpack-related-posts":[{"id":30652,"url":"https:\/\/laura-la-risa.de\/es\/bata-de-cola","url_meta":{"origin":30785,"position":0},"title":"Workshop: Bata de Cola","author":"Emilio","date":"9. enero 2019","format":false,"excerpt":"Der Umgang mit der Bata de Cola, dem Schleppenkleid, geh\u00f6rt zum Kunstvollsten, was der Flamenco zu bieten hat.Die Wirkung ist grandios: elegant und majest\u00e4tisch erf\u00fcllt die T\u00e4nzerin die ganze B\u00fchne. Um diesen Effekt zu erzielen, greift\u2026","rel":"","context":"En \u00abWorkshop\u00bb","block_context":{"text":"Workshop","link":"https:\/\/laura-la-risa.de\/category\/workshop"},"img":{"alt_text":"","src":"https:\/\/i0.wp.com\/laura-la-risa.de\/wp-content\/uploads\/2019\/01\/laura-bata-de-cola.jpg?fit=679%2C960&ssl=1&resize=350%2C200","width":350,"height":200,"srcset":"https:\/\/i0.wp.com\/laura-la-risa.de\/wp-content\/uploads\/2019\/01\/laura-bata-de-cola.jpg?fit=679%2C960&ssl=1&resize=350%2C200 1x, https:\/\/i0.wp.com\/laura-la-risa.de\/wp-content\/uploads\/2019\/01\/laura-bata-de-cola.jpg?fit=679%2C960&ssl=1&resize=525%2C300 1.5x"},"classes":[]},{"id":30877,"url":"https:\/\/laura-la-risa.de\/es\/2-bata-de-cola-workshops","url_meta":{"origin":30785,"position":1},"title":"2 Bata de Cola Workshops","author":"Emilio","date":"25. enero 2020","format":false,"excerpt":"1. Alegrias mit Schlepperock F Alegrias con Bata de Cola F mit Laura la Risa Workshop f\u00fcr Fortgeschrittene Kursprogramm Alegrias mit Bata de Cola erfordert gute Kenntnisse \u00fcber den Palo und einige Erfahrung mit der Bata de Cola. Wir arbeiten an einer ganzen Choreografie.\u00a0\u00a0\u00a0\u00a0\u00a0\u00a0\u00a0\u00a0\u00a0\u00a0\u00a0\u00a0\u00a0\u00a0\u00a0\u00a0\u00a0\u00a0\u00a0\u00a0\u00a0\u00a0\u00a0\u00a0\u00a0\u00a0\u00a0\u00a0\u00a0\u00a0\u00a0\u00a0\u00a0\u00a0\u00a0\u00a0\u00a0\u00a0\u00a0\u00a0\u00a0\u00a0\u00a0\u00a0\u00a0\u00a0\u00a0\u00a0\u00a0\u00a0\u00a0\u00a0\u00a0\u00a0\u00a0\u00a0\u00a0\u00a0Eine Bata kann geliehen oder bei Bedarf\u2026","rel":"","context":"En \u00abWorkshop\u00bb","block_context":{"text":"Workshop","link":"https:\/\/laura-la-risa.de\/category\/workshop"},"img":{"alt_text":"Laura la Risa","src":"https:\/\/i0.wp.com\/laura-la-risa.de\/wp-content\/uploads\/2019\/06\/laura-la-risa-la-reina.jpg?fit=681%2C960&ssl=1&resize=350%2C200","width":350,"height":200,"srcset":"https:\/\/i0.wp.com\/laura-la-risa.de\/wp-content\/uploads\/2019\/06\/laura-la-risa-la-reina.jpg?fit=681%2C960&ssl=1&resize=350%2C200 1x, https:\/\/i0.wp.com\/laura-la-risa.de\/wp-content\/uploads\/2019\/06\/laura-la-risa-la-reina.jpg?fit=681%2C960&ssl=1&resize=525%2C300 1.5x"},"classes":[]},{"id":30990,"url":"https:\/\/laura-la-risa.de\/es\/neue-workshops-bata-de-cola","url_meta":{"origin":30785,"position":2},"title":"Neue Workshops: Bata de Cola","author":"Emilio","date":"17. junio 2020","format":false,"excerpt":"Nr. 1\u00a0 kleiner Workshop Bata-Wochenende 2 Workshops f\u00fcr Bata de Cola mit Laura la Risa Termin: Freitag, 26. - Sonntag 28.06.2020 1. Technik und \"por Fandangos\" AmV Fr. 18:00 -19:30 Sa. 10:00 - 11:30 So. 10:00 -11:30 2. Choreografie \"Alegrias\" mit Bata F Fr. 19:45 -21:15 Sa. 11:45 - 13:15\u2026","rel":"","context":"En \u00abWorkshop\u00bb","block_context":{"text":"Workshop","link":"https:\/\/laura-la-risa.de\/category\/workshop"},"img":{"alt_text":"Laura la Risa","src":"https:\/\/i0.wp.com\/laura-la-risa.de\/wp-content\/uploads\/2019\/06\/laura-la-risa-la-reina.jpg?fit=681%2C960&ssl=1&resize=350%2C200","width":350,"height":200,"srcset":"https:\/\/i0.wp.com\/laura-la-risa.de\/wp-content\/uploads\/2019\/06\/laura-la-risa-la-reina.jpg?fit=681%2C960&ssl=1&resize=350%2C200 1x, https:\/\/i0.wp.com\/laura-la-risa.de\/wp-content\/uploads\/2019\/06\/laura-la-risa-la-reina.jpg?fit=681%2C960&ssl=1&resize=525%2C300 1.5x"},"classes":[]},{"id":30813,"url":"https:\/\/laura-la-risa.de\/es\/3-workshops-fuer-fortgeschrittene","url_meta":{"origin":30785,"position":3},"title":"3 Workshops f\u00fcr Fortgeschrittene","author":"Emilio","date":"10. agosto 2019","format":false,"excerpt":"Foto: Holger Petsch 1. Bata de Cola F Kursprogramm und Zeit - Technik und kleine Choreografie 10 Termine Mo 20:30 -21:30 Uhr September: 02., 09., 16., 23. und 30.09. Oktober: 21. und 28.10. November: 04., 11. und 18.11.2019 2. Sole\u00e1 por Buleria F Kursprogramm und Zeit - Choreografie 10 Termine\u2026","rel":"","context":"En \u00abWorkshop\u00bb","block_context":{"text":"Workshop","link":"https:\/\/laura-la-risa.de\/category\/workshop"},"img":{"alt_text":"Laura la RIsa","src":"https:\/\/i0.wp.com\/laura-la-risa.de\/wp-content\/uploads\/2019\/08\/0580.jpg?fit=1200%2C800&ssl=1&resize=350%2C200","width":350,"height":200,"srcset":"https:\/\/i0.wp.com\/laura-la-risa.de\/wp-content\/uploads\/2019\/08\/0580.jpg?fit=1200%2C800&ssl=1&resize=350%2C200 1x, https:\/\/i0.wp.com\/laura-la-risa.de\/wp-content\/uploads\/2019\/08\/0580.jpg?fit=1200%2C800&ssl=1&resize=525%2C300 1.5x, https:\/\/i0.wp.com\/laura-la-risa.de\/wp-content\/uploads\/2019\/08\/0580.jpg?fit=1200%2C800&ssl=1&resize=700%2C400 2x, https:\/\/i0.wp.com\/laura-la-risa.de\/wp-content\/uploads\/2019\/08\/0580.jpg?fit=1200%2C800&ssl=1&resize=1050%2C600 3x"},"classes":[]},{"id":31540,"url":"https:\/\/laura-la-risa.de\/es\/workshop-bata-de-cola","url_meta":{"origin":30785,"position":4},"title":"Workshop: Bata de Cola","author":"Emilio","date":"6. diciembre 2021","format":false,"excerpt":"Ab Januar 2022 gibt es wieder die beliebten Bata de Cola Workshops bei Laura la Risa. 1. Technik mit Schlepperock - t\u00e9cnica de Bata de Cola Kurszeiten 10 Termine - immer Freitags von 18:00 - 19:00 Uhr Januar: 14.01., 21.01. Februar: 11.02., 18.02., 25.02. M\u00e4rz: 11.03., 18.03., 25.03. April: 01.04.,\u2026","rel":"","context":"En \u00abWorkshop\u00bb","block_context":{"text":"Workshop","link":"https:\/\/laura-la-risa.de\/category\/workshop"},"img":{"alt_text":"","src":"https:\/\/i0.wp.com\/laura-la-risa.de\/wp-content\/uploads\/2021\/12\/workshop-bata-de-cola-laura-la-risa.jpg?fit=675%2C675&ssl=1&resize=350%2C200","width":350,"height":200,"srcset":"https:\/\/i0.wp.com\/laura-la-risa.de\/wp-content\/uploads\/2021\/12\/workshop-bata-de-cola-laura-la-risa.jpg?fit=675%2C675&ssl=1&resize=350%2C200 1x, https:\/\/i0.wp.com\/laura-la-risa.de\/wp-content\/uploads\/2021\/12\/workshop-bata-de-cola-laura-la-risa.jpg?fit=675%2C675&ssl=1&resize=525%2C300 1.5x"},"classes":[]},{"id":31711,"url":"https:\/\/laura-la-risa.de\/es\/neue-workshops","url_meta":{"origin":30785,"position":5},"title":"neue Workshops","author":"Emilio","date":"7. abril 2022","format":false,"excerpt":"Liebe Tanzbegeisterte, ab Ende April geht es wieder weiter mit zwei Workshops f\u00fcr Batafans....und die zweite Runde der \"Tanzschritte\" F\u00fcr Kurzentschlossene gibt es bis zum 09.04.22 einen sch\u00f6nen Fr\u00fchbucherrabbatt. Ich freue mich auf Euch! 1. Tanzschritte 2. Alegrias mit Bata de Cola 3. \"por Tangos\" mit Bata de Cola","rel":"","context":"En \u00abWorkshop\u00bb","block_context":{"text":"Workshop","link":"https:\/\/laura-la-risa.de\/category\/workshop"},"img":{"alt_text":"","src":"https:\/\/i0.wp.com\/laura-la-risa.de\/wp-content\/uploads\/2021\/12\/workshop-bata-de-cola-laura-la-risa.jpg?fit=675%2C675&ssl=1&resize=350%2C200","width":350,"height":200,"srcset":"https:\/\/i0.wp.com\/laura-la-risa.de\/wp-content\/uploads\/2021\/12\/workshop-bata-de-cola-laura-la-risa.jpg?fit=675%2C675&ssl=1&resize=350%2C200 1x, https:\/\/i0.wp.com\/laura-la-risa.de\/wp-content\/uploads\/2021\/12\/workshop-bata-de-cola-laura-la-risa.jpg?fit=675%2C675&ssl=1&resize=525%2C300 1.5x"},"classes":[]}],"jetpack_likes_enabled":true,"_links":{"self":[{"href":"https:\/\/laura-la-risa.de\/es\/wp-json\/wp\/v2\/posts\/30785","targetHints":{"allow":["GET"]}}],"collection":[{"href":"https:\/\/laura-la-risa.de\/es\/wp-json\/wp\/v2\/posts"}],"about":[{"href":"https:\/\/laura-la-risa.de\/es\/wp-json\/wp\/v2\/types\/post"}],"author":[{"embeddable":true,"href":"https:\/\/laura-la-risa.de\/es\/wp-json\/wp\/v2\/users\/1"}],"replies":[{"embeddable":true,"href":"https:\/\/laura-la-risa.de\/es\/wp-json\/wp\/v2\/comments?post=30785"}],"version-history":[{"count":1,"href":"https:\/\/laura-la-risa.de\/es\/wp-json\/wp\/v2\/posts\/30785\/revisions"}],"predecessor-version":[{"id":30788,"href":"https:\/\/laura-la-risa.de\/es\/wp-json\/wp\/v2\/posts\/30785\/revisions\/30788"}],"wp:featuredmedia":[{"embeddable":true,"href":"https:\/\/laura-la-risa.de\/es\/wp-json\/wp\/v2\/media\/30786"}],"wp:attachment":[{"href":"https:\/\/laura-la-risa.de\/es\/wp-json\/wp\/v2\/media?parent=30785"}],"wp:term":[{"taxonomy":"category","embeddable":true,"href":"https:\/\/laura-la-risa.de\/es\/wp-json\/wp\/v2\/categories?post=30785"},{"taxonomy":"post_tag","embeddable":true,"href":"https:\/\/laura-la-risa.de\/es\/wp-json\/wp\/v2\/tags?post=30785"}],"curies":[{"name":"wp","href":"https:\/\/api.w.org\/{rel}","templated":true}]}}