{"id":31435,"date":"2021-08-03T16:30:09","date_gmt":"2021-08-03T14:30:09","guid":{"rendered":"http:\/\/laura-la-risa.de.w01c716b.kasserver.com\/?p=31435"},"modified":"2021-08-09T12:46:23","modified_gmt":"2021-08-09T10:46:23","slug":"bar-estacion","status":"publish","type":"post","link":"https:\/\/laura-la-risa.de\/es\/bar-estacion","title":{"rendered":"Bar Estaci\u00f3n"},"content":{"rendered":"<p><strong>Flamencotanztheater<\/strong><br \/>\n27. u 28.08.2021 \u2013\u00a0 20:00 Uhr<\/p>\n<p>Ort: Cafe Theater Schalotte<br \/>\nRegie &amp; Choreografie: Laura la Risa<br \/>\nTanz: Laura la Risa y su equipo de baile<br \/>\nmusikalische Begleitung: Juan C\u00e1rdenas, Valle Monje<\/p>\n<p><strong>Bar Estaci\u00f3n<br \/>\n<\/strong>\u2026 ist eine Ode an die einsamen Bars der kleinen Vorstadtbahnh\u00f6fe.<br \/>\nAuf ihrem Weg an diesem Halt begegnen sich Geschichten.<br \/>\nF\u00fcr den Moment auf einen kurzen Augenblick sind sich Menschen nah, die sich nie wieder begegnen werden.<br \/>\nWir alle kennen die Protagonist*innen dieser Welt in der wir selbst unterwegs sind, oft in Eile.<br \/>\nEs bleibt an immer gleicher Stelle die kleine Bar und die Bedienung, das Herz der Station.<\/p>\n<p>Eintritt: 16\u20ac, erm.12\u20ac<\/p>\n<p>Reservierung: <a href=\"mailto:info@laura-la-risa.de\">info@laura-la-risa.de<\/a> oder bei Laura la Risa direkt<br \/>\nDie Karten sind absolut limitiert\u2026<\/p>\n","protected":false},"excerpt":{"rendered":"<p>Flamencotanztheater 27. u 28.08.2021 \u2013\u00a0 20:00 Uhr Ort: Cafe Theater Schalotte Regie &amp; Choreografie: Laura la Risa Tanz: Laura la Risa y su equipo de baile musikalische Begleitung: Juan C\u00e1rdenas, Valle Monje Bar Estaci\u00f3n \u2026 ist eine Ode an die einsamen Bars der kleinen Vorstadtbahnh\u00f6fe. Auf ihrem Weg an diesem Halt begegnen sich Geschichten. F\u00fcr [&hellip;]<\/p>\n","protected":false},"author":1,"featured_media":31444,"comment_status":"closed","ping_status":"open","sticky":false,"template":"","format":"standard","meta":{"_et_pb_use_builder":"","_et_pb_old_content":"","_et_gb_content_width":"","_jetpack_memberships_contains_paid_content":false,"footnotes":"","jetpack_publicize_message":"","jetpack_publicize_feature_enabled":true,"jetpack_social_post_already_shared":true,"jetpack_social_options":{"image_generator_settings":{"template":"highway","default_image_id":0,"font":"","enabled":false},"version":2}},"categories":[10],"tags":[],"class_list":["post-31435","post","type-post","status-publish","format-standard","has-post-thumbnail","hentry","category-theaterstueck"],"yoast_head":"<!-- This site is optimized with the Yoast SEO plugin v26.8 - https:\/\/yoast.com\/product\/yoast-seo-wordpress\/ -->\n<title>Bar Estaci\u00f3n - Laura la Risa<\/title>\n<meta name=\"robots\" content=\"index, follow, max-snippet:-1, max-image-preview:large, max-video-preview:-1\" \/>\n<link rel=\"canonical\" href=\"https:\/\/laura-la-risa.de\/es\/bar-estacion\" \/>\n<meta property=\"og:locale\" content=\"es_ES\" \/>\n<meta property=\"og:type\" content=\"article\" \/>\n<meta property=\"og:title\" content=\"Bar Estaci\u00f3n - Laura la Risa\" \/>\n<meta property=\"og:description\" content=\"Flamencotanztheater 27. u 28.08.2021 \u2013\u00a0 20:00 Uhr Ort: Cafe Theater Schalotte Regie &amp; Choreografie: Laura la Risa Tanz: Laura la Risa y su equipo de baile musikalische Begleitung: Juan C\u00e1rdenas, Valle Monje Bar Estaci\u00f3n \u2026 ist eine Ode an die einsamen Bars der kleinen Vorstadtbahnh\u00f6fe. Auf ihrem Weg an diesem Halt begegnen sich Geschichten. F\u00fcr [&hellip;]\" \/>\n<meta property=\"og:url\" content=\"https:\/\/laura-la-risa.de\/bar-estacion\" \/>\n<meta property=\"og:site_name\" content=\"Laura la Risa\" \/>\n<meta property=\"article:published_time\" content=\"2021-08-03T14:30:09+00:00\" \/>\n<meta property=\"article:modified_time\" content=\"2021-08-09T10:46:23+00:00\" \/>\n<meta property=\"og:image\" content=\"https:\/\/i0.wp.com\/laura-la-risa.de\/wp-content\/uploads\/2021\/08\/bar-estacion-flamenco-1.jpg?fit=678%2C960&ssl=1\" \/>\n\t<meta property=\"og:image:width\" content=\"678\" \/>\n\t<meta property=\"og:image:height\" content=\"960\" \/>\n\t<meta property=\"og:image:type\" content=\"image\/jpeg\" \/>\n<meta name=\"author\" content=\"Emilio\" \/>\n<meta name=\"twitter:card\" content=\"summary_large_image\" \/>\n<meta name=\"twitter:label1\" content=\"Escrito por\" \/>\n\t<meta name=\"twitter:data1\" content=\"Emilio\" \/>\n\t<meta name=\"twitter:label2\" content=\"Tiempo de lectura\" \/>\n\t<meta name=\"twitter:data2\" content=\"1 minuto\" \/>\n<script type=\"application\/ld+json\" class=\"yoast-schema-graph\">{\"@context\":\"https:\/\/schema.org\",\"@graph\":[{\"@type\":\"Article\",\"@id\":\"https:\/\/laura-la-risa.de\/bar-estacion#article\",\"isPartOf\":{\"@id\":\"https:\/\/laura-la-risa.de\/bar-estacion\"},\"author\":{\"name\":\"Emilio\",\"@id\":\"https:\/\/laura-la-risa.de\/#\/schema\/person\/8d3e1554bc4fc353e0c34589d1ca1c7a\"},\"headline\":\"Bar Estaci\u00f3n\",\"datePublished\":\"2021-08-03T14:30:09+00:00\",\"dateModified\":\"2021-08-09T10:46:23+00:00\",\"mainEntityOfPage\":{\"@id\":\"https:\/\/laura-la-risa.de\/bar-estacion\"},\"wordCount\":123,\"image\":{\"@id\":\"https:\/\/laura-la-risa.de\/bar-estacion#primaryimage\"},\"thumbnailUrl\":\"https:\/\/i0.wp.com\/laura-la-risa.de\/wp-content\/uploads\/2021\/08\/bar-estacion-flamenco-1.jpg?fit=678%2C960&ssl=1\",\"articleSection\":[\"Theaterst\u00fcck\"],\"inLanguage\":\"es\"},{\"@type\":\"WebPage\",\"@id\":\"https:\/\/laura-la-risa.de\/bar-estacion\",\"url\":\"https:\/\/laura-la-risa.de\/bar-estacion\",\"name\":\"Bar Estaci\u00f3n - Laura la Risa\",\"isPartOf\":{\"@id\":\"https:\/\/laura-la-risa.de\/#website\"},\"primaryImageOfPage\":{\"@id\":\"https:\/\/laura-la-risa.de\/bar-estacion#primaryimage\"},\"image\":{\"@id\":\"https:\/\/laura-la-risa.de\/bar-estacion#primaryimage\"},\"thumbnailUrl\":\"https:\/\/i0.wp.com\/laura-la-risa.de\/wp-content\/uploads\/2021\/08\/bar-estacion-flamenco-1.jpg?fit=678%2C960&ssl=1\",\"datePublished\":\"2021-08-03T14:30:09+00:00\",\"dateModified\":\"2021-08-09T10:46:23+00:00\",\"author\":{\"@id\":\"https:\/\/laura-la-risa.de\/#\/schema\/person\/8d3e1554bc4fc353e0c34589d1ca1c7a\"},\"breadcrumb\":{\"@id\":\"https:\/\/laura-la-risa.de\/bar-estacion#breadcrumb\"},\"inLanguage\":\"es\",\"potentialAction\":[{\"@type\":\"ReadAction\",\"target\":[\"https:\/\/laura-la-risa.de\/bar-estacion\"]}]},{\"@type\":\"ImageObject\",\"inLanguage\":\"es\",\"@id\":\"https:\/\/laura-la-risa.de\/bar-estacion#primaryimage\",\"url\":\"https:\/\/i0.wp.com\/laura-la-risa.de\/wp-content\/uploads\/2021\/08\/bar-estacion-flamenco-1.jpg?fit=678%2C960&ssl=1\",\"contentUrl\":\"https:\/\/i0.wp.com\/laura-la-risa.de\/wp-content\/uploads\/2021\/08\/bar-estacion-flamenco-1.jpg?fit=678%2C960&ssl=1\",\"width\":678,\"height\":960},{\"@type\":\"BreadcrumbList\",\"@id\":\"https:\/\/laura-la-risa.de\/bar-estacion#breadcrumb\",\"itemListElement\":[{\"@type\":\"ListItem\",\"position\":1,\"name\":\"Startseite\",\"item\":\"https:\/\/laura-la-risa.de\/es\"},{\"@type\":\"ListItem\",\"position\":2,\"name\":\"Bar Estaci\u00f3n\"}]},{\"@type\":\"WebSite\",\"@id\":\"https:\/\/laura-la-risa.de\/#website\",\"url\":\"https:\/\/laura-la-risa.de\/\",\"name\":\"Laura la Risa\",\"description\":\"flamenco puro\",\"potentialAction\":[{\"@type\":\"SearchAction\",\"target\":{\"@type\":\"EntryPoint\",\"urlTemplate\":\"https:\/\/laura-la-risa.de\/?s={search_term_string}\"},\"query-input\":{\"@type\":\"PropertyValueSpecification\",\"valueRequired\":true,\"valueName\":\"search_term_string\"}}],\"inLanguage\":\"es\"},{\"@type\":\"Person\",\"@id\":\"https:\/\/laura-la-risa.de\/#\/schema\/person\/8d3e1554bc4fc353e0c34589d1ca1c7a\",\"name\":\"Emilio\",\"image\":{\"@type\":\"ImageObject\",\"inLanguage\":\"es\",\"@id\":\"https:\/\/laura-la-risa.de\/#\/schema\/person\/image\/\",\"url\":\"https:\/\/secure.gravatar.com\/avatar\/71bf4ba9e8d4ab29e6a45a65e6fa217b?s=96&d=mm&r=g\",\"contentUrl\":\"https:\/\/secure.gravatar.com\/avatar\/71bf4ba9e8d4ab29e6a45a65e6fa217b?s=96&d=mm&r=g\",\"caption\":\"Emilio\"},\"url\":\"https:\/\/laura-la-risa.de\/es\/author\/emilio\"}]}<\/script>\n<!-- \/ Yoast SEO plugin. -->","yoast_head_json":{"title":"Bar Estaci\u00f3n - Laura la Risa","robots":{"index":"index","follow":"follow","max-snippet":"max-snippet:-1","max-image-preview":"max-image-preview:large","max-video-preview":"max-video-preview:-1"},"canonical":"https:\/\/laura-la-risa.de\/es\/bar-estacion","og_locale":"es_ES","og_type":"article","og_title":"Bar Estaci\u00f3n - Laura la Risa","og_description":"Flamencotanztheater 27. u 28.08.2021 \u2013\u00a0 20:00 Uhr Ort: Cafe Theater Schalotte Regie &amp; Choreografie: Laura la Risa Tanz: Laura la Risa y su equipo de baile musikalische Begleitung: Juan C\u00e1rdenas, Valle Monje Bar Estaci\u00f3n \u2026 ist eine Ode an die einsamen Bars der kleinen Vorstadtbahnh\u00f6fe. Auf ihrem Weg an diesem Halt begegnen sich Geschichten. F\u00fcr [&hellip;]","og_url":"https:\/\/laura-la-risa.de\/bar-estacion","og_site_name":"Laura la Risa","article_published_time":"2021-08-03T14:30:09+00:00","article_modified_time":"2021-08-09T10:46:23+00:00","og_image":[{"width":678,"height":960,"url":"https:\/\/i0.wp.com\/laura-la-risa.de\/wp-content\/uploads\/2021\/08\/bar-estacion-flamenco-1.jpg?fit=678%2C960&ssl=1","type":"image\/jpeg"}],"author":"Emilio","twitter_card":"summary_large_image","twitter_misc":{"Escrito por":"Emilio","Tiempo de lectura":"1 minuto"},"schema":{"@context":"https:\/\/schema.org","@graph":[{"@type":"Article","@id":"https:\/\/laura-la-risa.de\/bar-estacion#article","isPartOf":{"@id":"https:\/\/laura-la-risa.de\/bar-estacion"},"author":{"name":"Emilio","@id":"https:\/\/laura-la-risa.de\/#\/schema\/person\/8d3e1554bc4fc353e0c34589d1ca1c7a"},"headline":"Bar Estaci\u00f3n","datePublished":"2021-08-03T14:30:09+00:00","dateModified":"2021-08-09T10:46:23+00:00","mainEntityOfPage":{"@id":"https:\/\/laura-la-risa.de\/bar-estacion"},"wordCount":123,"image":{"@id":"https:\/\/laura-la-risa.de\/bar-estacion#primaryimage"},"thumbnailUrl":"https:\/\/i0.wp.com\/laura-la-risa.de\/wp-content\/uploads\/2021\/08\/bar-estacion-flamenco-1.jpg?fit=678%2C960&ssl=1","articleSection":["Theaterst\u00fcck"],"inLanguage":"es"},{"@type":"WebPage","@id":"https:\/\/laura-la-risa.de\/bar-estacion","url":"https:\/\/laura-la-risa.de\/bar-estacion","name":"Bar Estaci\u00f3n - Laura la Risa","isPartOf":{"@id":"https:\/\/laura-la-risa.de\/#website"},"primaryImageOfPage":{"@id":"https:\/\/laura-la-risa.de\/bar-estacion#primaryimage"},"image":{"@id":"https:\/\/laura-la-risa.de\/bar-estacion#primaryimage"},"thumbnailUrl":"https:\/\/i0.wp.com\/laura-la-risa.de\/wp-content\/uploads\/2021\/08\/bar-estacion-flamenco-1.jpg?fit=678%2C960&ssl=1","datePublished":"2021-08-03T14:30:09+00:00","dateModified":"2021-08-09T10:46:23+00:00","author":{"@id":"https:\/\/laura-la-risa.de\/#\/schema\/person\/8d3e1554bc4fc353e0c34589d1ca1c7a"},"breadcrumb":{"@id":"https:\/\/laura-la-risa.de\/bar-estacion#breadcrumb"},"inLanguage":"es","potentialAction":[{"@type":"ReadAction","target":["https:\/\/laura-la-risa.de\/bar-estacion"]}]},{"@type":"ImageObject","inLanguage":"es","@id":"https:\/\/laura-la-risa.de\/bar-estacion#primaryimage","url":"https:\/\/i0.wp.com\/laura-la-risa.de\/wp-content\/uploads\/2021\/08\/bar-estacion-flamenco-1.jpg?fit=678%2C960&ssl=1","contentUrl":"https:\/\/i0.wp.com\/laura-la-risa.de\/wp-content\/uploads\/2021\/08\/bar-estacion-flamenco-1.jpg?fit=678%2C960&ssl=1","width":678,"height":960},{"@type":"BreadcrumbList","@id":"https:\/\/laura-la-risa.de\/bar-estacion#breadcrumb","itemListElement":[{"@type":"ListItem","position":1,"name":"Startseite","item":"https:\/\/laura-la-risa.de\/es"},{"@type":"ListItem","position":2,"name":"Bar Estaci\u00f3n"}]},{"@type":"WebSite","@id":"https:\/\/laura-la-risa.de\/#website","url":"https:\/\/laura-la-risa.de\/","name":"Laura la Risa","description":"flamenco puro","potentialAction":[{"@type":"SearchAction","target":{"@type":"EntryPoint","urlTemplate":"https:\/\/laura-la-risa.de\/?s={search_term_string}"},"query-input":{"@type":"PropertyValueSpecification","valueRequired":true,"valueName":"search_term_string"}}],"inLanguage":"es"},{"@type":"Person","@id":"https:\/\/laura-la-risa.de\/#\/schema\/person\/8d3e1554bc4fc353e0c34589d1ca1c7a","name":"Emilio","image":{"@type":"ImageObject","inLanguage":"es","@id":"https:\/\/laura-la-risa.de\/#\/schema\/person\/image\/","url":"https:\/\/secure.gravatar.com\/avatar\/71bf4ba9e8d4ab29e6a45a65e6fa217b?s=96&d=mm&r=g","contentUrl":"https:\/\/secure.gravatar.com\/avatar\/71bf4ba9e8d4ab29e6a45a65e6fa217b?s=96&d=mm&r=g","caption":"Emilio"},"url":"https:\/\/laura-la-risa.de\/es\/author\/emilio"}]}},"jetpack_publicize_connections":[],"jetpack_featured_media_url":"https:\/\/i0.wp.com\/laura-la-risa.de\/wp-content\/uploads\/2021\/08\/bar-estacion-flamenco-1.jpg?fit=678%2C960&ssl=1","jetpack_sharing_enabled":true,"jetpack_shortlink":"https:\/\/wp.me\/p972UP-8b1","jetpack-related-posts":[{"id":32967,"url":"https:\/\/laura-la-risa.de\/es\/flamenco-tanztheater-los-zapatos-desgastados","url_meta":{"origin":31435,"position":0},"title":"Flamenco Tanztheater: LOS ZAPATOS DESGASTADOS","author":"Emilio","date":"17. noviembre 2025","format":false,"excerpt":"\u2728 Flamenco Tanztheater \u2013 LOS ZAPATOS DESGASTADOS \u2728\u201eDie zertanzten Schuhe\u201c Die Flamencoschule Laura la Risa l\u00e4dt herzlich ein zu einer besonderen Tanztheaterauff\u00fchrung voller Magie, Rhythmus und erz\u00e4hlter Bewegung: Sonntag, 30.11.202515:00 Uhr Taucht ein in die Geschichte der \u201ezertanzten Schuhe\u201c, in der sich Tradition, Fantasie und die Tiefe des Flamencos begegnen.\u2026","rel":"","context":"En \u00abTheaterst\u00fcck\u00bb","block_context":{"text":"Theaterst\u00fcck","link":"https:\/\/laura-la-risa.de\/category\/theaterstueck"},"img":{"alt_text":"","src":"https:\/\/i0.wp.com\/laura-la-risa.de\/wp-content\/uploads\/2025\/11\/Prinzessin.png?fit=848%2C1200&ssl=1&resize=350%2C200","width":350,"height":200,"srcset":"https:\/\/i0.wp.com\/laura-la-risa.de\/wp-content\/uploads\/2025\/11\/Prinzessin.png?fit=848%2C1200&ssl=1&resize=350%2C200 1x, https:\/\/i0.wp.com\/laura-la-risa.de\/wp-content\/uploads\/2025\/11\/Prinzessin.png?fit=848%2C1200&ssl=1&resize=525%2C300 1.5x, https:\/\/i0.wp.com\/laura-la-risa.de\/wp-content\/uploads\/2025\/11\/Prinzessin.png?fit=848%2C1200&ssl=1&resize=700%2C400 2x"},"classes":[]},{"id":30809,"url":"https:\/\/laura-la-risa.de\/es\/29-flamenco-schuelerweihnachtsgala","url_meta":{"origin":31435,"position":1},"title":"29. Flamenco-Sch\u00fclerweihnachtsgala","author":"Emilio","date":"1. diciembre 2019","format":false,"excerpt":"K\u00fcnstlerische Leitung und Choreografie: Laura la Risa Musik: Carlos el Canario und Christian Matter Tanz: Laura la Risa und\u00a0Sch\u00fclerInnen des a comp\u00e1s Studio&Location Zum 29. Mal richtet Laura la Risa gemeinsam mit ihrer \u201eCompa\u00f1\u00eda\u201c ihren Musikern und ihren \u201eFlores\u201c ihren Sch\u00fclerInnen die gro\u00dfe Flamenco-Weihnachtsgala im a comp\u00e1s Studio&Location aus. Laura\u2026","rel":"","context":"En \u00abEvent\u00bb","block_context":{"text":"Event","link":"https:\/\/laura-la-risa.de\/category\/event"},"img":{"alt_text":"","src":"https:\/\/i0.wp.com\/laura-la-risa.de\/wp-content\/uploads\/2018\/12\/weihnachtsgala.jpg?fit=960%2C720&ssl=1&resize=350%2C200","width":350,"height":200,"srcset":"https:\/\/i0.wp.com\/laura-la-risa.de\/wp-content\/uploads\/2018\/12\/weihnachtsgala.jpg?fit=960%2C720&ssl=1&resize=350%2C200 1x, https:\/\/i0.wp.com\/laura-la-risa.de\/wp-content\/uploads\/2018\/12\/weihnachtsgala.jpg?fit=960%2C720&ssl=1&resize=525%2C300 1.5x, https:\/\/i0.wp.com\/laura-la-risa.de\/wp-content\/uploads\/2018\/12\/weihnachtsgala.jpg?fit=960%2C720&ssl=1&resize=700%2C400 2x"},"classes":[]},{"id":30837,"url":"https:\/\/laura-la-risa.de\/es\/tablao-flamenco-puro","url_meta":{"origin":31435,"position":2},"title":"Tablao: Flamenco Puro","author":"Emilio","date":"14. octubre 2019","format":false,"excerpt":"Tablao Flamenco 25\/10\/2019 20:00 Uhr Flamenco puro Tanz\/Baile: Manuel Reina y Laura la Risa Gesang\/Cante: Jos\u00e9 Ram\u00edrez Gitarre\/Guitarra: Zamna y Carlitos Percussion: Tom Auffarth Entrada: VVK \/reserva 19\u20ac AK \/Taquilla 23\u20ac Es gibt hausgemachte Tapas an der Bar. Um Reservierung wird gebeten.","rel":"","context":"En \u00abFlamencoauftritt\u00bb","block_context":{"text":"Flamencoauftritt","link":"https:\/\/laura-la-risa.de\/category\/flamencoauftritt"},"img":{"alt_text":"","src":"https:\/\/i0.wp.com\/laura-la-risa.de\/wp-content\/uploads\/2019\/10\/tablao-flamenco-800x800.jpg?fit=800%2C800&ssl=1&resize=350%2C200","width":350,"height":200,"srcset":"https:\/\/i0.wp.com\/laura-la-risa.de\/wp-content\/uploads\/2019\/10\/tablao-flamenco-800x800.jpg?fit=800%2C800&ssl=1&resize=350%2C200 1x, https:\/\/i0.wp.com\/laura-la-risa.de\/wp-content\/uploads\/2019\/10\/tablao-flamenco-800x800.jpg?fit=800%2C800&ssl=1&resize=525%2C300 1.5x, https:\/\/i0.wp.com\/laura-la-risa.de\/wp-content\/uploads\/2019\/10\/tablao-flamenco-800x800.jpg?fit=800%2C800&ssl=1&resize=700%2C400 2x"},"classes":[]},{"id":30610,"url":"https:\/\/laura-la-risa.de\/es\/el-angel-dorado-der-goldengel","url_meta":{"origin":31435,"position":3},"title":"El \u00c1ngel Dorado &#8211; Der Goldengel","author":"Emilio","date":"14. diciembre 2018","format":false,"excerpt":"Zum 28. Mal richtet Laura la Risa gemeinsam mit ihrer \"Compa\u00f1\u00eda\" ihren Musikern und ihren \"Flores\" ihren Sch\u00fclerInnen die gro\u00dfe Flamenco-Weihnachtsgala im a comp\u00e1s Studio&Location aus. Laura la Risa und die T\u00e4nzerInnen stellen zahlreiche neue Choreografien vor, die sie\u2026","rel":"","context":"En \u00abEvent\u00bb","block_context":{"text":"Event","link":"https:\/\/laura-la-risa.de\/category\/event"},"img":{"alt_text":"","src":"https:\/\/i0.wp.com\/laura-la-risa.de\/wp-content\/uploads\/2018\/12\/weihnachtsgala.jpg?fit=960%2C720&ssl=1&resize=350%2C200","width":350,"height":200,"srcset":"https:\/\/i0.wp.com\/laura-la-risa.de\/wp-content\/uploads\/2018\/12\/weihnachtsgala.jpg?fit=960%2C720&ssl=1&resize=350%2C200 1x, https:\/\/i0.wp.com\/laura-la-risa.de\/wp-content\/uploads\/2018\/12\/weihnachtsgala.jpg?fit=960%2C720&ssl=1&resize=525%2C300 1.5x, https:\/\/i0.wp.com\/laura-la-risa.de\/wp-content\/uploads\/2018\/12\/weihnachtsgala.jpg?fit=960%2C720&ssl=1&resize=700%2C400 2x"},"classes":[]},{"id":29948,"url":"https:\/\/laura-la-risa.de\/es\/la-reina-infeliz-noticias-de-una-loca","url_meta":{"origin":31435,"position":4},"title":"\u00abla Reina Infeliz &#8211; Noticias de una Loca\u00bb","author":"Laura la Risa","date":"19. octubre 2017","format":false,"excerpt":"Laura la Risa y Compa\u00f1\u00eda La Reina Infeliz. Noticias de una Loca. Flamencotanztheater mit Tanzelementen aus Flamenco, Street Dance, Burlesque und Modern 04.11.2017 19.00 Uhr LabSaal Alt-L\u00fcbars 05.11.2017 17.00 Uhr im LabSaal Alt-L\u00fcbars 24.11.2017 20.00 Uhr in der UFA Fabrik Berlin Tempelhof Nach dem gro\u00dfen Erfolg der Auff\u00fchrung im Herbst\u2026","rel":"","context":"En \u00abTheaterst\u00fcck\u00bb","block_context":{"text":"Theaterst\u00fcck","link":"https:\/\/laura-la-risa.de\/category\/theaterstueck"},"img":{"alt_text":"La Reina Infeliz 2016","src":"https:\/\/i0.wp.com\/laura-la-risa.de\/wp-content\/uploads\/2016\/09\/la-reina-infeliz-2016.jpg?fit=800%2C800&ssl=1&resize=350%2C200","width":350,"height":200,"srcset":"https:\/\/i0.wp.com\/laura-la-risa.de\/wp-content\/uploads\/2016\/09\/la-reina-infeliz-2016.jpg?fit=800%2C800&ssl=1&resize=350%2C200 1x, https:\/\/i0.wp.com\/laura-la-risa.de\/wp-content\/uploads\/2016\/09\/la-reina-infeliz-2016.jpg?fit=800%2C800&ssl=1&resize=525%2C300 1.5x, https:\/\/i0.wp.com\/laura-la-risa.de\/wp-content\/uploads\/2016\/09\/la-reina-infeliz-2016.jpg?fit=800%2C800&ssl=1&resize=700%2C400 2x"},"classes":[]},{"id":30737,"url":"https:\/\/laura-la-risa.de\/es\/banditas","url_meta":{"origin":31435,"position":5},"title":"Banditas","author":"Emilio","date":"7. abril 2019","format":false,"excerpt":" Das neue Tanztheater der T\u00e4nzerin und Choreografin Laura la Risa vermischt reale Allt\u00e4glichkeiten mit Absurdem: Die Se\u00f1ora findet beim Ball auf dem Buffet das Gesicht der K\u00f6nigin. Erschrocken verpackt sie das Gesicht und l\u00e4sst es fortbringen. Die K\u00f6nigin ihrerseits stellt beim Erwachen fest, dass ihr das\u2026","rel":"","context":"En \u00abTheaterst\u00fcck\u00bb","block_context":{"text":"Theaterst\u00fcck","link":"https:\/\/laura-la-risa.de\/category\/theaterstueck"},"img":{"alt_text":"","src":"https:\/\/i0.wp.com\/laura-la-risa.de\/wp-content\/uploads\/2019\/03\/plakat-flamenco-maerz-flamenco-v2.jpg?fit=851%2C1200&ssl=1&resize=350%2C200","width":350,"height":200,"srcset":"https:\/\/i0.wp.com\/laura-la-risa.de\/wp-content\/uploads\/2019\/03\/plakat-flamenco-maerz-flamenco-v2.jpg?fit=851%2C1200&ssl=1&resize=350%2C200 1x, https:\/\/i0.wp.com\/laura-la-risa.de\/wp-content\/uploads\/2019\/03\/plakat-flamenco-maerz-flamenco-v2.jpg?fit=851%2C1200&ssl=1&resize=525%2C300 1.5x, https:\/\/i0.wp.com\/laura-la-risa.de\/wp-content\/uploads\/2019\/03\/plakat-flamenco-maerz-flamenco-v2.jpg?fit=851%2C1200&ssl=1&resize=700%2C400 2x"},"classes":[]}],"jetpack_likes_enabled":true,"_links":{"self":[{"href":"https:\/\/laura-la-risa.de\/es\/wp-json\/wp\/v2\/posts\/31435","targetHints":{"allow":["GET"]}}],"collection":[{"href":"https:\/\/laura-la-risa.de\/es\/wp-json\/wp\/v2\/posts"}],"about":[{"href":"https:\/\/laura-la-risa.de\/es\/wp-json\/wp\/v2\/types\/post"}],"author":[{"embeddable":true,"href":"https:\/\/laura-la-risa.de\/es\/wp-json\/wp\/v2\/users\/1"}],"replies":[{"embeddable":true,"href":"https:\/\/laura-la-risa.de\/es\/wp-json\/wp\/v2\/comments?post=31435"}],"version-history":[{"count":2,"href":"https:\/\/laura-la-risa.de\/es\/wp-json\/wp\/v2\/posts\/31435\/revisions"}],"predecessor-version":[{"id":31446,"href":"https:\/\/laura-la-risa.de\/es\/wp-json\/wp\/v2\/posts\/31435\/revisions\/31446"}],"wp:featuredmedia":[{"embeddable":true,"href":"https:\/\/laura-la-risa.de\/es\/wp-json\/wp\/v2\/media\/31444"}],"wp:attachment":[{"href":"https:\/\/laura-la-risa.de\/es\/wp-json\/wp\/v2\/media?parent=31435"}],"wp:term":[{"taxonomy":"category","embeddable":true,"href":"https:\/\/laura-la-risa.de\/es\/wp-json\/wp\/v2\/categories?post=31435"},{"taxonomy":"post_tag","embeddable":true,"href":"https:\/\/laura-la-risa.de\/es\/wp-json\/wp\/v2\/tags?post=31435"}],"curies":[{"name":"wp","href":"https:\/\/api.w.org\/{rel}","templated":true}]}}