{"id":31481,"date":"2021-10-07T14:20:26","date_gmt":"2021-10-07T12:20:26","guid":{"rendered":"http:\/\/laura-la-risa.de.w01c716b.kasserver.com\/?p=31481"},"modified":"2021-10-07T14:20:32","modified_gmt":"2021-10-07T12:20:32","slug":"draussenstadt","status":"publish","type":"post","link":"https:\/\/laura-la-risa.de\/es\/draussenstadt","title":{"rendered":"Proben f\u00fcr \u00bbDRAUSSENSTADT\u00ab"},"content":{"rendered":"<p>[et_pb_section fb_built=\u00bb1&#8243; _builder_version=\u00bb4.10.4&#8243; _module_preset=\u00bbdefault\u00bb global_colors_info=\u00bb{}\u00bb][et_pb_row _builder_version=\u00bb4.10.4&#8243; _module_preset=\u00bbdefault\u00bb global_colors_info=\u00bb{}\u00bb][et_pb_column type=\u00bb4_4&#8243; _builder_version=\u00bb4.10.4&#8243; _module_preset=\u00bbdefault\u00bb global_colors_info=\u00bb{}\u00bb][et_pb_video src=\u00bbhttps:\/\/vimeo.com\/618380195\/7361ab692f\u00bb src_webm=\u00bbhttps:\/\/vimeo.com\/618380195\/7361ab692f\u00bb _builder_version=\u00bb4.10.4&#8243; _module_preset=\u00bbdefault\u00bb global_colors_info=\u00bb{}\u00bb][\/et_pb_video][et_pb_text _builder_version=\u00bb4.10.4&#8243; _module_preset=\u00bbdefault\u00bb global_colors_info=\u00bb{}\u00bb]<\/p>\n<p><iframe loading=\"lazy\" title=\"K\u00fcnstler Hilfe Jetzt | Proben f\u00fcr \u00bbDRAUSSENSTADT\u00ab 2021\" src=\"https:\/\/player.vimeo.com\/video\/618380195?h=7361ab692f&amp;dnt=1&amp;app_id=122963\" width=\"1080\" height=\"608\" frameborder=\"0\" allow=\"autoplay; fullscreen; picture-in-picture; clipboard-write\"><\/iframe><\/p>\n<p>&nbsp;<\/p>\n<p>[\/et_pb_text][\/et_pb_column][\/et_pb_row][\/et_pb_section]<\/p>\n","protected":false},"excerpt":{"rendered":"<p>https:\/\/vimeo.com\/618380195\/7361ab692f &nbsp;<\/p>\n","protected":false},"author":1,"featured_media":31496,"comment_status":"closed","ping_status":"open","sticky":false,"template":"","format":"standard","meta":{"_et_pb_use_builder":"on","_et_pb_old_content":"","_et_gb_content_width":"","_jetpack_memberships_contains_paid_content":false,"footnotes":"","jetpack_publicize_message":"","jetpack_publicize_feature_enabled":true,"jetpack_social_post_already_shared":false,"jetpack_social_options":{"image_generator_settings":{"template":"highway","default_image_id":0,"font":"","enabled":false},"version":2}},"categories":[46],"tags":[],"class_list":["post-31481","post","type-post","status-publish","format-standard","has-post-thumbnail","hentry","category-dokumentation"],"yoast_head":"<!-- This site is optimized with the Yoast SEO plugin v26.8 - https:\/\/yoast.com\/product\/yoast-seo-wordpress\/ -->\n<title>Proben f\u00fcr \u00bbDRAUSSENSTADT\u00ab - Laura la Risa<\/title>\n<meta name=\"robots\" content=\"index, follow, max-snippet:-1, max-image-preview:large, max-video-preview:-1\" \/>\n<link rel=\"canonical\" href=\"https:\/\/laura-la-risa.de\/es\/draussenstadt\" \/>\n<meta property=\"og:locale\" content=\"es_ES\" \/>\n<meta property=\"og:type\" content=\"article\" \/>\n<meta property=\"og:title\" content=\"Proben f\u00fcr \u00bbDRAUSSENSTADT\u00ab - Laura la Risa\" \/>\n<meta property=\"og:description\" content=\"https:\/\/vimeo.com\/618380195\/7361ab692f &nbsp;\" \/>\n<meta property=\"og:url\" content=\"https:\/\/laura-la-risa.de\/es\/draussenstadt\" \/>\n<meta property=\"og:site_name\" content=\"Laura la Risa\" \/>\n<meta property=\"article:published_time\" content=\"2021-10-07T12:20:26+00:00\" \/>\n<meta property=\"article:modified_time\" content=\"2021-10-07T12:20:32+00:00\" \/>\n<meta property=\"og:image\" content=\"https:\/\/i0.wp.com\/laura-la-risa.de\/wp-content\/uploads\/2021\/10\/kuenstlerhilfe-jetzt-draussen.jpg?fit=1316%2C690&ssl=1\" \/>\n\t<meta property=\"og:image:width\" content=\"1316\" \/>\n\t<meta property=\"og:image:height\" content=\"690\" \/>\n\t<meta property=\"og:image:type\" content=\"image\/jpeg\" \/>\n<meta name=\"author\" content=\"Emilio\" \/>\n<meta name=\"twitter:card\" content=\"summary_large_image\" \/>\n<meta name=\"twitter:label1\" content=\"Escrito por\" \/>\n\t<meta name=\"twitter:data1\" content=\"Emilio\" \/>\n<script type=\"application\/ld+json\" class=\"yoast-schema-graph\">{\"@context\":\"https:\/\/schema.org\",\"@graph\":[{\"@type\":\"Article\",\"@id\":\"https:\/\/laura-la-risa.de\/es\/draussenstadt#article\",\"isPartOf\":{\"@id\":\"https:\/\/laura-la-risa.de\/es\/draussenstadt\"},\"author\":{\"name\":\"Emilio\",\"@id\":\"https:\/\/laura-la-risa.de\/#\/schema\/person\/8d3e1554bc4fc353e0c34589d1ca1c7a\"},\"headline\":\"Proben f\u00fcr \u00bbDRAUSSENSTADT\u00ab\",\"datePublished\":\"2021-10-07T12:20:26+00:00\",\"dateModified\":\"2021-10-07T12:20:32+00:00\",\"mainEntityOfPage\":{\"@id\":\"https:\/\/laura-la-risa.de\/es\/draussenstadt\"},\"wordCount\":96,\"image\":{\"@id\":\"https:\/\/laura-la-risa.de\/es\/draussenstadt#primaryimage\"},\"thumbnailUrl\":\"https:\/\/i0.wp.com\/laura-la-risa.de\/wp-content\/uploads\/2021\/10\/kuenstlerhilfe-jetzt-draussen.jpg?fit=1316%2C690&ssl=1\",\"articleSection\":[\"Dokumentation\"],\"inLanguage\":\"es\"},{\"@type\":\"WebPage\",\"@id\":\"https:\/\/laura-la-risa.de\/es\/draussenstadt\",\"url\":\"https:\/\/laura-la-risa.de\/es\/draussenstadt\",\"name\":\"Proben f\u00fcr \u00bbDRAUSSENSTADT\u00ab - Laura la Risa\",\"isPartOf\":{\"@id\":\"https:\/\/laura-la-risa.de\/#website\"},\"primaryImageOfPage\":{\"@id\":\"https:\/\/laura-la-risa.de\/es\/draussenstadt#primaryimage\"},\"image\":{\"@id\":\"https:\/\/laura-la-risa.de\/es\/draussenstadt#primaryimage\"},\"thumbnailUrl\":\"https:\/\/i0.wp.com\/laura-la-risa.de\/wp-content\/uploads\/2021\/10\/kuenstlerhilfe-jetzt-draussen.jpg?fit=1316%2C690&ssl=1\",\"datePublished\":\"2021-10-07T12:20:26+00:00\",\"dateModified\":\"2021-10-07T12:20:32+00:00\",\"author\":{\"@id\":\"https:\/\/laura-la-risa.de\/#\/schema\/person\/8d3e1554bc4fc353e0c34589d1ca1c7a\"},\"breadcrumb\":{\"@id\":\"https:\/\/laura-la-risa.de\/es\/draussenstadt#breadcrumb\"},\"inLanguage\":\"es\",\"potentialAction\":[{\"@type\":\"ReadAction\",\"target\":[\"https:\/\/laura-la-risa.de\/es\/draussenstadt\"]}]},{\"@type\":\"ImageObject\",\"inLanguage\":\"es\",\"@id\":\"https:\/\/laura-la-risa.de\/es\/draussenstadt#primaryimage\",\"url\":\"https:\/\/i0.wp.com\/laura-la-risa.de\/wp-content\/uploads\/2021\/10\/kuenstlerhilfe-jetzt-draussen.jpg?fit=1316%2C690&ssl=1\",\"contentUrl\":\"https:\/\/i0.wp.com\/laura-la-risa.de\/wp-content\/uploads\/2021\/10\/kuenstlerhilfe-jetzt-draussen.jpg?fit=1316%2C690&ssl=1\",\"width\":1316,\"height\":690},{\"@type\":\"BreadcrumbList\",\"@id\":\"https:\/\/laura-la-risa.de\/es\/draussenstadt#breadcrumb\",\"itemListElement\":[{\"@type\":\"ListItem\",\"position\":1,\"name\":\"Startseite\",\"item\":\"https:\/\/laura-la-risa.de\/es\"},{\"@type\":\"ListItem\",\"position\":2,\"name\":\"Proben f\u00fcr \u00bbDRAUSSENSTADT\u00ab\"}]},{\"@type\":\"WebSite\",\"@id\":\"https:\/\/laura-la-risa.de\/#website\",\"url\":\"https:\/\/laura-la-risa.de\/\",\"name\":\"Laura la Risa\",\"description\":\"flamenco puro\",\"potentialAction\":[{\"@type\":\"SearchAction\",\"target\":{\"@type\":\"EntryPoint\",\"urlTemplate\":\"https:\/\/laura-la-risa.de\/?s={search_term_string}\"},\"query-input\":{\"@type\":\"PropertyValueSpecification\",\"valueRequired\":true,\"valueName\":\"search_term_string\"}}],\"inLanguage\":\"es\"},{\"@type\":\"Person\",\"@id\":\"https:\/\/laura-la-risa.de\/#\/schema\/person\/8d3e1554bc4fc353e0c34589d1ca1c7a\",\"name\":\"Emilio\",\"image\":{\"@type\":\"ImageObject\",\"inLanguage\":\"es\",\"@id\":\"https:\/\/laura-la-risa.de\/#\/schema\/person\/image\/\",\"url\":\"https:\/\/secure.gravatar.com\/avatar\/71bf4ba9e8d4ab29e6a45a65e6fa217b?s=96&d=mm&r=g\",\"contentUrl\":\"https:\/\/secure.gravatar.com\/avatar\/71bf4ba9e8d4ab29e6a45a65e6fa217b?s=96&d=mm&r=g\",\"caption\":\"Emilio\"},\"url\":\"https:\/\/laura-la-risa.de\/es\/author\/emilio\"}]}<\/script>\n<!-- \/ Yoast SEO plugin. -->","yoast_head_json":{"title":"Proben f\u00fcr \u00bbDRAUSSENSTADT\u00ab - Laura la Risa","robots":{"index":"index","follow":"follow","max-snippet":"max-snippet:-1","max-image-preview":"max-image-preview:large","max-video-preview":"max-video-preview:-1"},"canonical":"https:\/\/laura-la-risa.de\/es\/draussenstadt","og_locale":"es_ES","og_type":"article","og_title":"Proben f\u00fcr \u00bbDRAUSSENSTADT\u00ab - Laura la Risa","og_description":"https:\/\/vimeo.com\/618380195\/7361ab692f &nbsp;","og_url":"https:\/\/laura-la-risa.de\/es\/draussenstadt","og_site_name":"Laura la Risa","article_published_time":"2021-10-07T12:20:26+00:00","article_modified_time":"2021-10-07T12:20:32+00:00","og_image":[{"width":1316,"height":690,"url":"https:\/\/i0.wp.com\/laura-la-risa.de\/wp-content\/uploads\/2021\/10\/kuenstlerhilfe-jetzt-draussen.jpg?fit=1316%2C690&ssl=1","type":"image\/jpeg"}],"author":"Emilio","twitter_card":"summary_large_image","twitter_misc":{"Escrito por":"Emilio"},"schema":{"@context":"https:\/\/schema.org","@graph":[{"@type":"Article","@id":"https:\/\/laura-la-risa.de\/es\/draussenstadt#article","isPartOf":{"@id":"https:\/\/laura-la-risa.de\/es\/draussenstadt"},"author":{"name":"Emilio","@id":"https:\/\/laura-la-risa.de\/#\/schema\/person\/8d3e1554bc4fc353e0c34589d1ca1c7a"},"headline":"Proben f\u00fcr \u00bbDRAUSSENSTADT\u00ab","datePublished":"2021-10-07T12:20:26+00:00","dateModified":"2021-10-07T12:20:32+00:00","mainEntityOfPage":{"@id":"https:\/\/laura-la-risa.de\/es\/draussenstadt"},"wordCount":96,"image":{"@id":"https:\/\/laura-la-risa.de\/es\/draussenstadt#primaryimage"},"thumbnailUrl":"https:\/\/i0.wp.com\/laura-la-risa.de\/wp-content\/uploads\/2021\/10\/kuenstlerhilfe-jetzt-draussen.jpg?fit=1316%2C690&ssl=1","articleSection":["Dokumentation"],"inLanguage":"es"},{"@type":"WebPage","@id":"https:\/\/laura-la-risa.de\/es\/draussenstadt","url":"https:\/\/laura-la-risa.de\/es\/draussenstadt","name":"Proben f\u00fcr \u00bbDRAUSSENSTADT\u00ab - Laura la Risa","isPartOf":{"@id":"https:\/\/laura-la-risa.de\/#website"},"primaryImageOfPage":{"@id":"https:\/\/laura-la-risa.de\/es\/draussenstadt#primaryimage"},"image":{"@id":"https:\/\/laura-la-risa.de\/es\/draussenstadt#primaryimage"},"thumbnailUrl":"https:\/\/i0.wp.com\/laura-la-risa.de\/wp-content\/uploads\/2021\/10\/kuenstlerhilfe-jetzt-draussen.jpg?fit=1316%2C690&ssl=1","datePublished":"2021-10-07T12:20:26+00:00","dateModified":"2021-10-07T12:20:32+00:00","author":{"@id":"https:\/\/laura-la-risa.de\/#\/schema\/person\/8d3e1554bc4fc353e0c34589d1ca1c7a"},"breadcrumb":{"@id":"https:\/\/laura-la-risa.de\/es\/draussenstadt#breadcrumb"},"inLanguage":"es","potentialAction":[{"@type":"ReadAction","target":["https:\/\/laura-la-risa.de\/es\/draussenstadt"]}]},{"@type":"ImageObject","inLanguage":"es","@id":"https:\/\/laura-la-risa.de\/es\/draussenstadt#primaryimage","url":"https:\/\/i0.wp.com\/laura-la-risa.de\/wp-content\/uploads\/2021\/10\/kuenstlerhilfe-jetzt-draussen.jpg?fit=1316%2C690&ssl=1","contentUrl":"https:\/\/i0.wp.com\/laura-la-risa.de\/wp-content\/uploads\/2021\/10\/kuenstlerhilfe-jetzt-draussen.jpg?fit=1316%2C690&ssl=1","width":1316,"height":690},{"@type":"BreadcrumbList","@id":"https:\/\/laura-la-risa.de\/es\/draussenstadt#breadcrumb","itemListElement":[{"@type":"ListItem","position":1,"name":"Startseite","item":"https:\/\/laura-la-risa.de\/es"},{"@type":"ListItem","position":2,"name":"Proben f\u00fcr \u00bbDRAUSSENSTADT\u00ab"}]},{"@type":"WebSite","@id":"https:\/\/laura-la-risa.de\/#website","url":"https:\/\/laura-la-risa.de\/","name":"Laura la Risa","description":"flamenco puro","potentialAction":[{"@type":"SearchAction","target":{"@type":"EntryPoint","urlTemplate":"https:\/\/laura-la-risa.de\/?s={search_term_string}"},"query-input":{"@type":"PropertyValueSpecification","valueRequired":true,"valueName":"search_term_string"}}],"inLanguage":"es"},{"@type":"Person","@id":"https:\/\/laura-la-risa.de\/#\/schema\/person\/8d3e1554bc4fc353e0c34589d1ca1c7a","name":"Emilio","image":{"@type":"ImageObject","inLanguage":"es","@id":"https:\/\/laura-la-risa.de\/#\/schema\/person\/image\/","url":"https:\/\/secure.gravatar.com\/avatar\/71bf4ba9e8d4ab29e6a45a65e6fa217b?s=96&d=mm&r=g","contentUrl":"https:\/\/secure.gravatar.com\/avatar\/71bf4ba9e8d4ab29e6a45a65e6fa217b?s=96&d=mm&r=g","caption":"Emilio"},"url":"https:\/\/laura-la-risa.de\/es\/author\/emilio"}]}},"jetpack_publicize_connections":[],"jetpack_featured_media_url":"https:\/\/i0.wp.com\/laura-la-risa.de\/wp-content\/uploads\/2021\/10\/kuenstlerhilfe-jetzt-draussen.jpg?fit=1316%2C690&ssl=1","jetpack_sharing_enabled":true,"jetpack_shortlink":"https:\/\/wp.me\/p972UP-8bL","jetpack-related-posts":[{"id":31237,"url":"https:\/\/laura-la-risa.de\/es\/demo-am-dom","url_meta":{"origin":31481,"position":0},"title":"Demo am Dom","author":"Emilio","date":"30. abril 2021","format":false,"excerpt":"","rel":"","context":"En \u00abFlamencoauftritt\u00bb","block_context":{"text":"Flamencoauftritt","link":"https:\/\/laura-la-risa.de\/category\/flamencoauftritt"},"img":{"alt_text":"","src":"https:\/\/i0.wp.com\/laura-la-risa.de\/wp-content\/uploads\/2021\/04\/laura-la-risa-demo-am-dom.jpg?fit=900%2C600&ssl=1&resize=350%2C200","width":350,"height":200,"srcset":"https:\/\/i0.wp.com\/laura-la-risa.de\/wp-content\/uploads\/2021\/04\/laura-la-risa-demo-am-dom.jpg?fit=900%2C600&ssl=1&resize=350%2C200 1x, https:\/\/i0.wp.com\/laura-la-risa.de\/wp-content\/uploads\/2021\/04\/laura-la-risa-demo-am-dom.jpg?fit=900%2C600&ssl=1&resize=525%2C300 1.5x, https:\/\/i0.wp.com\/laura-la-risa.de\/wp-content\/uploads\/2021\/04\/laura-la-risa-demo-am-dom.jpg?fit=900%2C600&ssl=1&resize=700%2C400 2x"},"classes":[]},{"id":31153,"url":"https:\/\/laura-la-risa.de\/es\/gegenwart-kuenstlerhilfe-jetzt","url_meta":{"origin":31481,"position":1},"title":"GEGENwART &#038; K\u00fcnstlerhilfe Jetzt","author":"Emilio","date":"20. marzo 2021","format":"video","excerpt":"https:\/\/vimeo.com\/526389956","rel":"","context":"En \u00abPresse\u00bb","block_context":{"text":"Presse","link":"https:\/\/laura-la-risa.de\/category\/presse"},"img":{"alt_text":"","src":"https:\/\/i0.wp.com\/laura-la-risa.de\/wp-content\/uploads\/2021\/03\/gegenwart-kuenstlerhilfe-jetzt.png?fit=1200%2C706&ssl=1&resize=350%2C200","width":350,"height":200,"srcset":"https:\/\/i0.wp.com\/laura-la-risa.de\/wp-content\/uploads\/2021\/03\/gegenwart-kuenstlerhilfe-jetzt.png?fit=1200%2C706&ssl=1&resize=350%2C200 1x, https:\/\/i0.wp.com\/laura-la-risa.de\/wp-content\/uploads\/2021\/03\/gegenwart-kuenstlerhilfe-jetzt.png?fit=1200%2C706&ssl=1&resize=525%2C300 1.5x, https:\/\/i0.wp.com\/laura-la-risa.de\/wp-content\/uploads\/2021\/03\/gegenwart-kuenstlerhilfe-jetzt.png?fit=1200%2C706&ssl=1&resize=700%2C400 2x, https:\/\/i0.wp.com\/laura-la-risa.de\/wp-content\/uploads\/2021\/03\/gegenwart-kuenstlerhilfe-jetzt.png?fit=1200%2C706&ssl=1&resize=1050%2C600 3x"},"classes":[]},{"id":31163,"url":"https:\/\/laura-la-risa.de\/es\/gute-laune-variete-bus-seniorenresidenz-alloheim","url_meta":{"origin":31481,"position":2},"title":"Gute Laune Variet\u00e9 Bus: Seniorenresidenz Alloheim","author":"Emilio","date":"2. abril 2021","format":"video","excerpt":"https:\/\/vimeo.com\/530849407","rel":"","context":"En \u00abFlamencoauftritt\u00bb","block_context":{"text":"Flamencoauftritt","link":"https:\/\/laura-la-risa.de\/category\/flamencoauftritt"},"img":{"alt_text":"","src":"https:\/\/i0.wp.com\/laura-la-risa.de\/wp-content\/uploads\/2021\/04\/gute-laune-variete-bus-alloheim.jpg?fit=960%2C543&ssl=1&resize=350%2C200","width":350,"height":200,"srcset":"https:\/\/i0.wp.com\/laura-la-risa.de\/wp-content\/uploads\/2021\/04\/gute-laune-variete-bus-alloheim.jpg?fit=960%2C543&ssl=1&resize=350%2C200 1x, https:\/\/i0.wp.com\/laura-la-risa.de\/wp-content\/uploads\/2021\/04\/gute-laune-variete-bus-alloheim.jpg?fit=960%2C543&ssl=1&resize=525%2C300 1.5x, https:\/\/i0.wp.com\/laura-la-risa.de\/wp-content\/uploads\/2021\/04\/gute-laune-variete-bus-alloheim.jpg?fit=960%2C543&ssl=1&resize=700%2C400 2x"},"classes":[]},{"id":31173,"url":"https:\/\/laura-la-risa.de\/es\/gute-laune-variete-bus-stephanus-stiftung","url_meta":{"origin":31481,"position":3},"title":"Gute Laune Variet\u00e9 Bus: Stephanus Stiftung","author":"Emilio","date":"3. abril 2021","format":"video","excerpt":"https:\/\/vimeo.com\/528381177","rel":"","context":"En \u00abFlamencoauftritt\u00bb","block_context":{"text":"Flamencoauftritt","link":"https:\/\/laura-la-risa.de\/category\/flamencoauftritt"},"img":{"alt_text":"","src":"https:\/\/i0.wp.com\/laura-la-risa.de\/wp-content\/uploads\/2021\/04\/gute-laune-variete-bus-stephanus-stiftung.jpg?fit=960%2C534&ssl=1&resize=350%2C200","width":350,"height":200,"srcset":"https:\/\/i0.wp.com\/laura-la-risa.de\/wp-content\/uploads\/2021\/04\/gute-laune-variete-bus-stephanus-stiftung.jpg?fit=960%2C534&ssl=1&resize=350%2C200 1x, https:\/\/i0.wp.com\/laura-la-risa.de\/wp-content\/uploads\/2021\/04\/gute-laune-variete-bus-stephanus-stiftung.jpg?fit=960%2C534&ssl=1&resize=525%2C300 1.5x, https:\/\/i0.wp.com\/laura-la-risa.de\/wp-content\/uploads\/2021\/04\/gute-laune-variete-bus-stephanus-stiftung.jpg?fit=960%2C534&ssl=1&resize=700%2C400 2x"},"classes":[]},{"id":31177,"url":"https:\/\/laura-la-risa.de\/es\/gute-laune-variete-bus-haus-bethesda","url_meta":{"origin":31481,"position":4},"title":"Gute Laune Variet\u00e9 Bus: Haus Bethesda","author":"Emilio","date":"4. abril 2021","format":"video","excerpt":"https:\/\/vimeo.com\/531920081","rel":"","context":"En \u00abFlamencoauftritt\u00bb","block_context":{"text":"Flamencoauftritt","link":"https:\/\/laura-la-risa.de\/category\/flamencoauftritt"},"img":{"alt_text":"","src":"https:\/\/i0.wp.com\/laura-la-risa.de\/wp-content\/uploads\/2021\/04\/gute-laune-variete-bus-haus-bethesda.jpg?fit=960%2C540&ssl=1&resize=350%2C200","width":350,"height":200,"srcset":"https:\/\/i0.wp.com\/laura-la-risa.de\/wp-content\/uploads\/2021\/04\/gute-laune-variete-bus-haus-bethesda.jpg?fit=960%2C540&ssl=1&resize=350%2C200 1x, https:\/\/i0.wp.com\/laura-la-risa.de\/wp-content\/uploads\/2021\/04\/gute-laune-variete-bus-haus-bethesda.jpg?fit=960%2C540&ssl=1&resize=525%2C300 1.5x, https:\/\/i0.wp.com\/laura-la-risa.de\/wp-content\/uploads\/2021\/04\/gute-laune-variete-bus-haus-bethesda.jpg?fit=960%2C540&ssl=1&resize=700%2C400 2x"},"classes":[]},{"id":32639,"url":"https:\/\/laura-la-risa.de\/es\/frohe-weihnachten","url_meta":{"origin":31481,"position":5},"title":"Frohe Weihnachten","author":"Emilio","date":"20. diciembre 2024","format":false,"excerpt":"Liebe Sch\u00fcler*innen, liebe Eltern, vielen Dank f\u00fcr die wundersch\u00f6nen Auftritte und Erlebnisse in diesem Jahr, die wir uns geteilt haben. Es gibt eine Bildergalerie mit Fotos f\u00fcr alle zum Ansehen und herunterladen. Viel Freude beim Gucken. Hier ist der Link: https:\/\/www.pictrs.com\/laura-la-risa?l=de Passwort: Flamencoaficion Sch\u00f6ne Weihnachtsfeiertage f\u00fcr alle. Wir sehen uns\u2026","rel":"","context":"En \u00abInformation\u00bb","block_context":{"text":"Information","link":"https:\/\/laura-la-risa.de\/category\/information"},"img":{"alt_text":"","src":"https:\/\/i0.wp.com\/laura-la-risa.de\/wp-content\/uploads\/2024\/12\/flamenco-in-berlin.jpg?fit=1200%2C799&ssl=1&resize=350%2C200","width":350,"height":200,"srcset":"https:\/\/i0.wp.com\/laura-la-risa.de\/wp-content\/uploads\/2024\/12\/flamenco-in-berlin.jpg?fit=1200%2C799&ssl=1&resize=350%2C200 1x, https:\/\/i0.wp.com\/laura-la-risa.de\/wp-content\/uploads\/2024\/12\/flamenco-in-berlin.jpg?fit=1200%2C799&ssl=1&resize=525%2C300 1.5x, https:\/\/i0.wp.com\/laura-la-risa.de\/wp-content\/uploads\/2024\/12\/flamenco-in-berlin.jpg?fit=1200%2C799&ssl=1&resize=700%2C400 2x, https:\/\/i0.wp.com\/laura-la-risa.de\/wp-content\/uploads\/2024\/12\/flamenco-in-berlin.jpg?fit=1200%2C799&ssl=1&resize=1050%2C600 3x"},"classes":[]}],"jetpack_likes_enabled":true,"_links":{"self":[{"href":"https:\/\/laura-la-risa.de\/es\/wp-json\/wp\/v2\/posts\/31481","targetHints":{"allow":["GET"]}}],"collection":[{"href":"https:\/\/laura-la-risa.de\/es\/wp-json\/wp\/v2\/posts"}],"about":[{"href":"https:\/\/laura-la-risa.de\/es\/wp-json\/wp\/v2\/types\/post"}],"author":[{"embeddable":true,"href":"https:\/\/laura-la-risa.de\/es\/wp-json\/wp\/v2\/users\/1"}],"replies":[{"embeddable":true,"href":"https:\/\/laura-la-risa.de\/es\/wp-json\/wp\/v2\/comments?post=31481"}],"version-history":[{"count":7,"href":"https:\/\/laura-la-risa.de\/es\/wp-json\/wp\/v2\/posts\/31481\/revisions"}],"predecessor-version":[{"id":31499,"href":"https:\/\/laura-la-risa.de\/es\/wp-json\/wp\/v2\/posts\/31481\/revisions\/31499"}],"wp:featuredmedia":[{"embeddable":true,"href":"https:\/\/laura-la-risa.de\/es\/wp-json\/wp\/v2\/media\/31496"}],"wp:attachment":[{"href":"https:\/\/laura-la-risa.de\/es\/wp-json\/wp\/v2\/media?parent=31481"}],"wp:term":[{"taxonomy":"category","embeddable":true,"href":"https:\/\/laura-la-risa.de\/es\/wp-json\/wp\/v2\/categories?post=31481"},{"taxonomy":"post_tag","embeddable":true,"href":"https:\/\/laura-la-risa.de\/es\/wp-json\/wp\/v2\/tags?post=31481"}],"curies":[{"name":"wp","href":"https:\/\/api.w.org\/{rel}","templated":true}]}}