{"id":31757,"date":"2022-06-23T09:37:28","date_gmt":"2022-06-23T07:37:28","guid":{"rendered":"https:\/\/laura-la-risa.de\/?p=31757"},"modified":"2022-06-23T09:37:28","modified_gmt":"2022-06-23T07:37:28","slug":"kultur-ist-fuer-menschen-mit-behinderungen-relevant","status":"publish","type":"post","link":"https:\/\/laura-la-risa.de\/es\/kultur-ist-fuer-menschen-mit-behinderungen-relevant","title":{"rendered":"Kultur ist f\u00fcr Menschen mit Behinderungen relevant!"},"content":{"rendered":"<p>heute gibt es ein Interview mit Anita Read (Moderatorin und Rollstuhlfahrerin) und mir in #read&amp;talk<br \/>\nEs geht um die Frage ob Kultur f\u00fcr menschen mit Behinderungen relevant ist.<\/p>\n<p><span style=\"text-decoration: underline;\">Die Ausstrahlungstermine<\/span><br \/>\nSa, 25.06.2022 um 9:30<br \/>\nDi, 28.06.2022 um 15:30<br \/>\njeweils auf Sport 1<\/p>\n<p>Ab 25.06.22 auf YouTube:<br \/>\n<a href=\"https:\/\/youtu.be\/HXcLaLijd-g\">https:\/\/youtu.be\/HXcLaLijd-g<\/a><\/p>\n","protected":false},"excerpt":{"rendered":"<p>heute gibt es ein Interview mit Anita Read (Moderatorin und Rollstuhlfahrerin) und mir in #read&amp;talk Es geht um die Frage ob Kultur f\u00fcr menschen mit Behinderungen relevant ist. Die Ausstrahlungstermine Sa, 25.06.2022 um 9:30 Di, 28.06.2022 um 15:30 jeweils auf Sport 1 Ab 25.06.22 auf YouTube: https:\/\/youtu.be\/HXcLaLijd-g<\/p>\n","protected":false},"author":1,"featured_media":31758,"comment_status":"closed","ping_status":"open","sticky":false,"template":"","format":"standard","meta":{"_et_pb_use_builder":"","_et_pb_old_content":"","_et_gb_content_width":"","_jetpack_memberships_contains_paid_content":false,"footnotes":"","jetpack_publicize_message":"","jetpack_publicize_feature_enabled":true,"jetpack_social_post_already_shared":true,"jetpack_social_options":{"image_generator_settings":{"template":"highway","default_image_id":0,"font":"","enabled":false},"version":2}},"categories":[43],"tags":[],"class_list":["post-31757","post","type-post","status-publish","format-standard","has-post-thumbnail","hentry","category-presse"],"yoast_head":"<!-- This site is optimized with the Yoast SEO plugin v26.8 - https:\/\/yoast.com\/product\/yoast-seo-wordpress\/ -->\n<title>Kultur ist f\u00fcr Menschen mit Behinderungen relevant! - Laura la Risa<\/title>\n<meta name=\"robots\" content=\"index, follow, max-snippet:-1, max-image-preview:large, max-video-preview:-1\" \/>\n<link rel=\"canonical\" href=\"https:\/\/laura-la-risa.de\/es\/kultur-ist-fuer-menschen-mit-behinderungen-relevant\" \/>\n<meta property=\"og:locale\" content=\"es_ES\" \/>\n<meta property=\"og:type\" content=\"article\" \/>\n<meta property=\"og:title\" content=\"Kultur ist f\u00fcr Menschen mit Behinderungen relevant! - Laura la Risa\" \/>\n<meta property=\"og:description\" content=\"heute gibt es ein Interview mit Anita Read (Moderatorin und Rollstuhlfahrerin) und mir in #read&amp;talk Es geht um die Frage ob Kultur f\u00fcr menschen mit Behinderungen relevant ist. Die Ausstrahlungstermine Sa, 25.06.2022 um 9:30 Di, 28.06.2022 um 15:30 jeweils auf Sport 1 Ab 25.06.22 auf YouTube: https:\/\/youtu.be\/HXcLaLijd-g\" \/>\n<meta property=\"og:url\" content=\"https:\/\/laura-la-risa.de\/kultur-ist-fuer-menschen-mit-behinderungen-relevant\" \/>\n<meta property=\"og:site_name\" content=\"Laura la Risa\" \/>\n<meta property=\"article:published_time\" content=\"2022-06-23T07:37:28+00:00\" \/>\n<meta property=\"og:image\" content=\"http:\/\/laura-la-risa.de\/wp-content\/uploads\/2022\/06\/kultur-menschen-mit-behinderungen.jpg\" \/>\n\t<meta property=\"og:image:width\" content=\"512\" \/>\n\t<meta property=\"og:image:height\" content=\"640\" \/>\n\t<meta property=\"og:image:type\" content=\"image\/jpeg\" \/>\n<meta name=\"author\" content=\"Emilio\" \/>\n<meta name=\"twitter:card\" content=\"summary_large_image\" \/>\n<meta name=\"twitter:label1\" content=\"Escrito por\" \/>\n\t<meta name=\"twitter:data1\" content=\"Emilio\" \/>\n\t<meta name=\"twitter:label2\" content=\"Tiempo de lectura\" \/>\n\t<meta name=\"twitter:data2\" content=\"1 minuto\" \/>\n<script type=\"application\/ld+json\" class=\"yoast-schema-graph\">{\"@context\":\"https:\/\/schema.org\",\"@graph\":[{\"@type\":\"Article\",\"@id\":\"https:\/\/laura-la-risa.de\/kultur-ist-fuer-menschen-mit-behinderungen-relevant#article\",\"isPartOf\":{\"@id\":\"https:\/\/laura-la-risa.de\/kultur-ist-fuer-menschen-mit-behinderungen-relevant\"},\"author\":{\"name\":\"Emilio\",\"@id\":\"https:\/\/laura-la-risa.de\/#\/schema\/person\/8d3e1554bc4fc353e0c34589d1ca1c7a\"},\"headline\":\"Kultur ist f\u00fcr Menschen mit Behinderungen relevant!\",\"datePublished\":\"2022-06-23T07:37:28+00:00\",\"mainEntityOfPage\":{\"@id\":\"https:\/\/laura-la-risa.de\/kultur-ist-fuer-menschen-mit-behinderungen-relevant\"},\"wordCount\":55,\"image\":{\"@id\":\"https:\/\/laura-la-risa.de\/kultur-ist-fuer-menschen-mit-behinderungen-relevant#primaryimage\"},\"thumbnailUrl\":\"https:\/\/i0.wp.com\/laura-la-risa.de\/wp-content\/uploads\/2022\/06\/kultur-menschen-mit-behinderungen.jpg?fit=512%2C640&ssl=1\",\"articleSection\":[\"Presse\"],\"inLanguage\":\"es\"},{\"@type\":\"WebPage\",\"@id\":\"https:\/\/laura-la-risa.de\/kultur-ist-fuer-menschen-mit-behinderungen-relevant\",\"url\":\"https:\/\/laura-la-risa.de\/kultur-ist-fuer-menschen-mit-behinderungen-relevant\",\"name\":\"Kultur ist f\u00fcr Menschen mit Behinderungen relevant! - Laura la Risa\",\"isPartOf\":{\"@id\":\"https:\/\/laura-la-risa.de\/#website\"},\"primaryImageOfPage\":{\"@id\":\"https:\/\/laura-la-risa.de\/kultur-ist-fuer-menschen-mit-behinderungen-relevant#primaryimage\"},\"image\":{\"@id\":\"https:\/\/laura-la-risa.de\/kultur-ist-fuer-menschen-mit-behinderungen-relevant#primaryimage\"},\"thumbnailUrl\":\"https:\/\/i0.wp.com\/laura-la-risa.de\/wp-content\/uploads\/2022\/06\/kultur-menschen-mit-behinderungen.jpg?fit=512%2C640&ssl=1\",\"datePublished\":\"2022-06-23T07:37:28+00:00\",\"author\":{\"@id\":\"https:\/\/laura-la-risa.de\/#\/schema\/person\/8d3e1554bc4fc353e0c34589d1ca1c7a\"},\"breadcrumb\":{\"@id\":\"https:\/\/laura-la-risa.de\/kultur-ist-fuer-menschen-mit-behinderungen-relevant#breadcrumb\"},\"inLanguage\":\"es\",\"potentialAction\":[{\"@type\":\"ReadAction\",\"target\":[\"https:\/\/laura-la-risa.de\/kultur-ist-fuer-menschen-mit-behinderungen-relevant\"]}]},{\"@type\":\"ImageObject\",\"inLanguage\":\"es\",\"@id\":\"https:\/\/laura-la-risa.de\/kultur-ist-fuer-menschen-mit-behinderungen-relevant#primaryimage\",\"url\":\"https:\/\/i0.wp.com\/laura-la-risa.de\/wp-content\/uploads\/2022\/06\/kultur-menschen-mit-behinderungen.jpg?fit=512%2C640&ssl=1\",\"contentUrl\":\"https:\/\/i0.wp.com\/laura-la-risa.de\/wp-content\/uploads\/2022\/06\/kultur-menschen-mit-behinderungen.jpg?fit=512%2C640&ssl=1\",\"width\":512,\"height\":640},{\"@type\":\"BreadcrumbList\",\"@id\":\"https:\/\/laura-la-risa.de\/kultur-ist-fuer-menschen-mit-behinderungen-relevant#breadcrumb\",\"itemListElement\":[{\"@type\":\"ListItem\",\"position\":1,\"name\":\"Startseite\",\"item\":\"https:\/\/laura-la-risa.de\/es\"},{\"@type\":\"ListItem\",\"position\":2,\"name\":\"Kultur ist f\u00fcr Menschen mit Behinderungen relevant!\"}]},{\"@type\":\"WebSite\",\"@id\":\"https:\/\/laura-la-risa.de\/#website\",\"url\":\"https:\/\/laura-la-risa.de\/\",\"name\":\"Laura la Risa\",\"description\":\"flamenco puro\",\"potentialAction\":[{\"@type\":\"SearchAction\",\"target\":{\"@type\":\"EntryPoint\",\"urlTemplate\":\"https:\/\/laura-la-risa.de\/?s={search_term_string}\"},\"query-input\":{\"@type\":\"PropertyValueSpecification\",\"valueRequired\":true,\"valueName\":\"search_term_string\"}}],\"inLanguage\":\"es\"},{\"@type\":\"Person\",\"@id\":\"https:\/\/laura-la-risa.de\/#\/schema\/person\/8d3e1554bc4fc353e0c34589d1ca1c7a\",\"name\":\"Emilio\",\"image\":{\"@type\":\"ImageObject\",\"inLanguage\":\"es\",\"@id\":\"https:\/\/laura-la-risa.de\/#\/schema\/person\/image\/\",\"url\":\"https:\/\/secure.gravatar.com\/avatar\/71bf4ba9e8d4ab29e6a45a65e6fa217b?s=96&d=mm&r=g\",\"contentUrl\":\"https:\/\/secure.gravatar.com\/avatar\/71bf4ba9e8d4ab29e6a45a65e6fa217b?s=96&d=mm&r=g\",\"caption\":\"Emilio\"},\"url\":\"https:\/\/laura-la-risa.de\/es\/author\/emilio\"}]}<\/script>\n<!-- \/ Yoast SEO plugin. -->","yoast_head_json":{"title":"Kultur ist f\u00fcr Menschen mit Behinderungen relevant! - Laura la Risa","robots":{"index":"index","follow":"follow","max-snippet":"max-snippet:-1","max-image-preview":"max-image-preview:large","max-video-preview":"max-video-preview:-1"},"canonical":"https:\/\/laura-la-risa.de\/es\/kultur-ist-fuer-menschen-mit-behinderungen-relevant","og_locale":"es_ES","og_type":"article","og_title":"Kultur ist f\u00fcr Menschen mit Behinderungen relevant! - Laura la Risa","og_description":"heute gibt es ein Interview mit Anita Read (Moderatorin und Rollstuhlfahrerin) und mir in #read&amp;talk Es geht um die Frage ob Kultur f\u00fcr menschen mit Behinderungen relevant ist. Die Ausstrahlungstermine Sa, 25.06.2022 um 9:30 Di, 28.06.2022 um 15:30 jeweils auf Sport 1 Ab 25.06.22 auf YouTube: https:\/\/youtu.be\/HXcLaLijd-g","og_url":"https:\/\/laura-la-risa.de\/kultur-ist-fuer-menschen-mit-behinderungen-relevant","og_site_name":"Laura la Risa","article_published_time":"2022-06-23T07:37:28+00:00","og_image":[{"width":512,"height":640,"url":"http:\/\/laura-la-risa.de\/wp-content\/uploads\/2022\/06\/kultur-menschen-mit-behinderungen.jpg","type":"image\/jpeg"}],"author":"Emilio","twitter_card":"summary_large_image","twitter_misc":{"Escrito por":"Emilio","Tiempo de lectura":"1 minuto"},"schema":{"@context":"https:\/\/schema.org","@graph":[{"@type":"Article","@id":"https:\/\/laura-la-risa.de\/kultur-ist-fuer-menschen-mit-behinderungen-relevant#article","isPartOf":{"@id":"https:\/\/laura-la-risa.de\/kultur-ist-fuer-menschen-mit-behinderungen-relevant"},"author":{"name":"Emilio","@id":"https:\/\/laura-la-risa.de\/#\/schema\/person\/8d3e1554bc4fc353e0c34589d1ca1c7a"},"headline":"Kultur ist f\u00fcr Menschen mit Behinderungen relevant!","datePublished":"2022-06-23T07:37:28+00:00","mainEntityOfPage":{"@id":"https:\/\/laura-la-risa.de\/kultur-ist-fuer-menschen-mit-behinderungen-relevant"},"wordCount":55,"image":{"@id":"https:\/\/laura-la-risa.de\/kultur-ist-fuer-menschen-mit-behinderungen-relevant#primaryimage"},"thumbnailUrl":"https:\/\/i0.wp.com\/laura-la-risa.de\/wp-content\/uploads\/2022\/06\/kultur-menschen-mit-behinderungen.jpg?fit=512%2C640&ssl=1","articleSection":["Presse"],"inLanguage":"es"},{"@type":"WebPage","@id":"https:\/\/laura-la-risa.de\/kultur-ist-fuer-menschen-mit-behinderungen-relevant","url":"https:\/\/laura-la-risa.de\/kultur-ist-fuer-menschen-mit-behinderungen-relevant","name":"Kultur ist f\u00fcr Menschen mit Behinderungen relevant! - Laura la Risa","isPartOf":{"@id":"https:\/\/laura-la-risa.de\/#website"},"primaryImageOfPage":{"@id":"https:\/\/laura-la-risa.de\/kultur-ist-fuer-menschen-mit-behinderungen-relevant#primaryimage"},"image":{"@id":"https:\/\/laura-la-risa.de\/kultur-ist-fuer-menschen-mit-behinderungen-relevant#primaryimage"},"thumbnailUrl":"https:\/\/i0.wp.com\/laura-la-risa.de\/wp-content\/uploads\/2022\/06\/kultur-menschen-mit-behinderungen.jpg?fit=512%2C640&ssl=1","datePublished":"2022-06-23T07:37:28+00:00","author":{"@id":"https:\/\/laura-la-risa.de\/#\/schema\/person\/8d3e1554bc4fc353e0c34589d1ca1c7a"},"breadcrumb":{"@id":"https:\/\/laura-la-risa.de\/kultur-ist-fuer-menschen-mit-behinderungen-relevant#breadcrumb"},"inLanguage":"es","potentialAction":[{"@type":"ReadAction","target":["https:\/\/laura-la-risa.de\/kultur-ist-fuer-menschen-mit-behinderungen-relevant"]}]},{"@type":"ImageObject","inLanguage":"es","@id":"https:\/\/laura-la-risa.de\/kultur-ist-fuer-menschen-mit-behinderungen-relevant#primaryimage","url":"https:\/\/i0.wp.com\/laura-la-risa.de\/wp-content\/uploads\/2022\/06\/kultur-menschen-mit-behinderungen.jpg?fit=512%2C640&ssl=1","contentUrl":"https:\/\/i0.wp.com\/laura-la-risa.de\/wp-content\/uploads\/2022\/06\/kultur-menschen-mit-behinderungen.jpg?fit=512%2C640&ssl=1","width":512,"height":640},{"@type":"BreadcrumbList","@id":"https:\/\/laura-la-risa.de\/kultur-ist-fuer-menschen-mit-behinderungen-relevant#breadcrumb","itemListElement":[{"@type":"ListItem","position":1,"name":"Startseite","item":"https:\/\/laura-la-risa.de\/es"},{"@type":"ListItem","position":2,"name":"Kultur ist f\u00fcr Menschen mit Behinderungen relevant!"}]},{"@type":"WebSite","@id":"https:\/\/laura-la-risa.de\/#website","url":"https:\/\/laura-la-risa.de\/","name":"Laura la Risa","description":"flamenco puro","potentialAction":[{"@type":"SearchAction","target":{"@type":"EntryPoint","urlTemplate":"https:\/\/laura-la-risa.de\/?s={search_term_string}"},"query-input":{"@type":"PropertyValueSpecification","valueRequired":true,"valueName":"search_term_string"}}],"inLanguage":"es"},{"@type":"Person","@id":"https:\/\/laura-la-risa.de\/#\/schema\/person\/8d3e1554bc4fc353e0c34589d1ca1c7a","name":"Emilio","image":{"@type":"ImageObject","inLanguage":"es","@id":"https:\/\/laura-la-risa.de\/#\/schema\/person\/image\/","url":"https:\/\/secure.gravatar.com\/avatar\/71bf4ba9e8d4ab29e6a45a65e6fa217b?s=96&d=mm&r=g","contentUrl":"https:\/\/secure.gravatar.com\/avatar\/71bf4ba9e8d4ab29e6a45a65e6fa217b?s=96&d=mm&r=g","caption":"Emilio"},"url":"https:\/\/laura-la-risa.de\/es\/author\/emilio"}]}},"jetpack_publicize_connections":[],"jetpack_featured_media_url":"https:\/\/i0.wp.com\/laura-la-risa.de\/wp-content\/uploads\/2022\/06\/kultur-menschen-mit-behinderungen.jpg?fit=512%2C640&ssl=1","jetpack_sharing_enabled":true,"jetpack_shortlink":"https:\/\/wp.me\/p972UP-8gd","jetpack-related-posts":[{"id":30359,"url":"https:\/\/laura-la-risa.de\/es\/tanzschritte-2-hj-2018","url_meta":{"origin":31757,"position":0},"title":"Tanzschritte 2. HJ 2018","author":"Emilio","date":"1. julio 2018","format":false,"excerpt":" Die \u201eTanzschritte\u201c f\u00fcr Menschen mit geistiger und psychischer Behinderung\u00a0finden\u00a0weiter im a comp\u00e1s Studio&Location statt. 2. Halbjahr: August bis Dezember 2018 Kursprogramm Kurs 01\u00a0 \u2013 02\/18 Sho Show Dance mit Eleonora Alexandrova Meyden 10:30 -12:00 Kurs 02 \u2013 02\/18 Fla Flamenco\u00a0 mit Laura La Risa 12:15\u2026","rel":"","context":"En \u00abWorkshop\u00bb","block_context":{"text":"Workshop","link":"https:\/\/laura-la-risa.de\/category\/workshop"},"img":{"alt_text":"Tanzschritte - f\u00fcr Menschen mit geistigen und psychischen Behinderungen","src":"https:\/\/i0.wp.com\/laura-la-risa.de\/wp-content\/uploads\/2016\/09\/tanz-behinderte.jpg?fit=800%2C800&ssl=1&resize=350%2C200","width":350,"height":200,"srcset":"https:\/\/i0.wp.com\/laura-la-risa.de\/wp-content\/uploads\/2016\/09\/tanz-behinderte.jpg?fit=800%2C800&ssl=1&resize=350%2C200 1x, https:\/\/i0.wp.com\/laura-la-risa.de\/wp-content\/uploads\/2016\/09\/tanz-behinderte.jpg?fit=800%2C800&ssl=1&resize=525%2C300 1.5x, https:\/\/i0.wp.com\/laura-la-risa.de\/wp-content\/uploads\/2016\/09\/tanz-behinderte.jpg?fit=800%2C800&ssl=1&resize=700%2C400 2x"},"classes":[]},{"id":31006,"url":"https:\/\/laura-la-risa.de\/es\/tanzschritte","url_meta":{"origin":31757,"position":1},"title":"Tanzschritte","author":"Emilio","date":"20. agosto 2020","format":false,"excerpt":"2. Halbjahr 2020 Tanzschritte f\u00fcr Menschen mit geistigen und psychischen Behinderungen 10 Termine immer Samstag im a comp\u00e1s: 05.09., 12.09., 19.09. 10.10., 31.10. 07.11., 14.11., 21.11.,28.11. 05.12.2020 Kursprogramm Kurs 01\u00a0 \u2013 01\/20 Sho Show Dance mit Eleonora und Dimitri 10:30 -12:00 Kurs 02 \u2013 01\/20 Fla Flamenco\u00a0 mit Laura La\u2026","rel":"","context":"En \u00abWorkshop\u00bb","block_context":{"text":"Workshop","link":"https:\/\/laura-la-risa.de\/category\/workshop"},"img":{"alt_text":"","src":"https:\/\/i0.wp.com\/laura-la-risa.de\/wp-content\/uploads\/2017\/09\/tanzschritte-gluecksbringer.jpg?fit=800%2C800&ssl=1&resize=350%2C200","width":350,"height":200,"srcset":"https:\/\/i0.wp.com\/laura-la-risa.de\/wp-content\/uploads\/2017\/09\/tanzschritte-gluecksbringer.jpg?fit=800%2C800&ssl=1&resize=350%2C200 1x, https:\/\/i0.wp.com\/laura-la-risa.de\/wp-content\/uploads\/2017\/09\/tanzschritte-gluecksbringer.jpg?fit=800%2C800&ssl=1&resize=525%2C300 1.5x, https:\/\/i0.wp.com\/laura-la-risa.de\/wp-content\/uploads\/2017\/09\/tanzschritte-gluecksbringer.jpg?fit=800%2C800&ssl=1&resize=700%2C400 2x"},"classes":[]},{"id":32963,"url":"https:\/\/laura-la-risa.de\/es\/weihnachtsfest-der-tanzschritte","url_meta":{"origin":31757,"position":2},"title":"Weihnachtsfest der Tanzschritte","author":"Emilio","date":"17. noviembre 2025","format":false,"excerpt":"\ud83c\udf84\u2728 Weihnachtsfest der \u201eTanzschritte\u201c \u2728\ud83c\udf84Von und f\u00fcr Menschen mit geistigen & psychischen Behinderungen Seit 2005 finden die Kurse \u201eTanzschritte\u201c f\u00fcr Menschen mit geistigen und psychischen Behinderungen unter der Leitung von Laura la Risa im a comp\u00e1s studio & location statt. Mit gro\u00dfer Freude laden wir euch auch dieses Jahr zu\u2026","rel":"","context":"En \u00abFlamencoauftritt\u00bb","block_context":{"text":"Flamencoauftritt","link":"https:\/\/laura-la-risa.de\/category\/flamencoauftritt"},"img":{"alt_text":"","src":"https:\/\/i0.wp.com\/laura-la-risa.de\/wp-content\/uploads\/2025\/11\/29-11-Tanzschritte-v.png?fit=1200%2C848&ssl=1&resize=350%2C200","width":350,"height":200,"srcset":"https:\/\/i0.wp.com\/laura-la-risa.de\/wp-content\/uploads\/2025\/11\/29-11-Tanzschritte-v.png?fit=1200%2C848&ssl=1&resize=350%2C200 1x, https:\/\/i0.wp.com\/laura-la-risa.de\/wp-content\/uploads\/2025\/11\/29-11-Tanzschritte-v.png?fit=1200%2C848&ssl=1&resize=525%2C300 1.5x, https:\/\/i0.wp.com\/laura-la-risa.de\/wp-content\/uploads\/2025\/11\/29-11-Tanzschritte-v.png?fit=1200%2C848&ssl=1&resize=700%2C400 2x, https:\/\/i0.wp.com\/laura-la-risa.de\/wp-content\/uploads\/2025\/11\/29-11-Tanzschritte-v.png?fit=1200%2C848&ssl=1&resize=1050%2C600 3x"},"classes":[]},{"id":32033,"url":"https:\/\/laura-la-risa.de\/es\/neue-kurse","url_meta":{"origin":31757,"position":3},"title":"neue Kurse","author":"Emilio","date":"25. marzo 2023","format":false,"excerpt":"Kurse \/ Cursos \/ Courses ERWACHSENE\/ADULTOS\/ADULTS Montag \/ Lunes \/ Monday 18:00 \u2013 19:00 Choreo: por Bulerias A * (ab 02\/2023 mit Manuel Reina) 19:00 \u2013 20:00 Technik: Zapateados f\u00fcr alle A-F * (ab 02\/2023 mit Manuel Reina) 20:00 \u2013 21:00 Choreo: Bulerias M-F * Dienstag \/ Martes \/ Tuesday\u2026","rel":"","context":"En \u00abProgramm\u00bb","block_context":{"text":"Programm","link":"https:\/\/laura-la-risa.de\/category\/programm"},"img":{"alt_text":"Foto: Jannette Kneisel","src":"https:\/\/i0.wp.com\/laura-la-risa.de\/wp-content\/uploads\/2023\/03\/Flamenco-laura-la-risa.jpg?fit=511%2C768&ssl=1&resize=350%2C200","width":350,"height":200},"classes":[]},{"id":30379,"url":"https:\/\/laura-la-risa.de\/es\/2-halbjahr-2018","url_meta":{"origin":31757,"position":4},"title":"2. Halbjahr 2018","author":"Emilio","date":"21. julio 2018","format":false,"excerpt":" Liebe Tanzbegeisterte, das zweite Halbjahr 2018 beginnt mit den Kursen am 06. August 2018. NEUE KURSE! Kinder und Jugendliche Montag: 16:00 - 17:00\u00a0\u00a0\u00a0 4\u00a0 \u2013\u00a0\u00a0 6 \u00a0 Jahre Babyflamenco 18:00 - 19:00\u00a0 10\u00a0 \u2013\u00a0 14\u00a0 Jahre Jugend A und Erwachsene Donnerstag: 20:00 - 21:30\u00a0\u00a0 Garrotin A\u2026","rel":"","context":"En \u00abProgramm\u00bb","block_context":{"text":"Programm","link":"https:\/\/laura-la-risa.de\/category\/programm"},"img":{"alt_text":"Foto: Ralf Bieniek","src":"https:\/\/i0.wp.com\/laura-la-risa.de\/wp-content\/uploads\/2018\/07\/flamenco-laura-la-risa-2.jpg?fit=800%2C600&ssl=1&resize=350%2C200","width":350,"height":200,"srcset":"https:\/\/i0.wp.com\/laura-la-risa.de\/wp-content\/uploads\/2018\/07\/flamenco-laura-la-risa-2.jpg?fit=800%2C600&ssl=1&resize=350%2C200 1x, https:\/\/i0.wp.com\/laura-la-risa.de\/wp-content\/uploads\/2018\/07\/flamenco-laura-la-risa-2.jpg?fit=800%2C600&ssl=1&resize=525%2C300 1.5x, https:\/\/i0.wp.com\/laura-la-risa.de\/wp-content\/uploads\/2018\/07\/flamenco-laura-la-risa-2.jpg?fit=800%2C600&ssl=1&resize=700%2C400 2x"},"classes":[]},{"id":31237,"url":"https:\/\/laura-la-risa.de\/es\/demo-am-dom","url_meta":{"origin":31757,"position":5},"title":"Demo am Dom","author":"Emilio","date":"30. abril 2021","format":false,"excerpt":"Notiz Gerade, wenn wir hier zu\u2026","rel":"","context":"En \u00abFlamencoauftritt\u00bb","block_context":{"text":"Flamencoauftritt","link":"https:\/\/laura-la-risa.de\/category\/flamencoauftritt"},"img":{"alt_text":"","src":"https:\/\/i0.wp.com\/laura-la-risa.de\/wp-content\/uploads\/2021\/04\/laura-la-risa-demo-am-dom.jpg?fit=900%2C600&ssl=1&resize=350%2C200","width":350,"height":200,"srcset":"https:\/\/i0.wp.com\/laura-la-risa.de\/wp-content\/uploads\/2021\/04\/laura-la-risa-demo-am-dom.jpg?fit=900%2C600&ssl=1&resize=350%2C200 1x, https:\/\/i0.wp.com\/laura-la-risa.de\/wp-content\/uploads\/2021\/04\/laura-la-risa-demo-am-dom.jpg?fit=900%2C600&ssl=1&resize=525%2C300 1.5x, https:\/\/i0.wp.com\/laura-la-risa.de\/wp-content\/uploads\/2021\/04\/laura-la-risa-demo-am-dom.jpg?fit=900%2C600&ssl=1&resize=700%2C400 2x"},"classes":[]}],"jetpack_likes_enabled":true,"_links":{"self":[{"href":"https:\/\/laura-la-risa.de\/es\/wp-json\/wp\/v2\/posts\/31757","targetHints":{"allow":["GET"]}}],"collection":[{"href":"https:\/\/laura-la-risa.de\/es\/wp-json\/wp\/v2\/posts"}],"about":[{"href":"https:\/\/laura-la-risa.de\/es\/wp-json\/wp\/v2\/types\/post"}],"author":[{"embeddable":true,"href":"https:\/\/laura-la-risa.de\/es\/wp-json\/wp\/v2\/users\/1"}],"replies":[{"embeddable":true,"href":"https:\/\/laura-la-risa.de\/es\/wp-json\/wp\/v2\/comments?post=31757"}],"version-history":[{"count":1,"href":"https:\/\/laura-la-risa.de\/es\/wp-json\/wp\/v2\/posts\/31757\/revisions"}],"predecessor-version":[{"id":31760,"href":"https:\/\/laura-la-risa.de\/es\/wp-json\/wp\/v2\/posts\/31757\/revisions\/31760"}],"wp:featuredmedia":[{"embeddable":true,"href":"https:\/\/laura-la-risa.de\/es\/wp-json\/wp\/v2\/media\/31758"}],"wp:attachment":[{"href":"https:\/\/laura-la-risa.de\/es\/wp-json\/wp\/v2\/media?parent=31757"}],"wp:term":[{"taxonomy":"category","embeddable":true,"href":"https:\/\/laura-la-risa.de\/es\/wp-json\/wp\/v2\/categories?post=31757"},{"taxonomy":"post_tag","embeddable":true,"href":"https:\/\/laura-la-risa.de\/es\/wp-json\/wp\/v2\/tags?post=31757"}],"curies":[{"name":"wp","href":"https:\/\/api.w.org\/{rel}","templated":true}]}}