{"id":31986,"date":"2023-01-21T19:20:36","date_gmt":"2023-01-21T18:20:36","guid":{"rendered":"https:\/\/laura-la-risa.de\/?p=31986"},"modified":"2023-01-21T19:20:36","modified_gmt":"2023-01-21T18:20:36","slug":"colombianas-workshop","status":"publish","type":"post","link":"https:\/\/laura-la-risa.de\/es\/colombianas-workshop","title":{"rendered":"Colombianas Workshop"},"content":{"rendered":"<p class=\"p1\"><span class=\"s1\">Workshop\u00a0<\/span><\/p>\n<p class=\"p1\"><span class=\"s1\">\u201dColombianas mit Bata de Cola und F\u00e4cher\u201d\u00a0<\/span><\/p>\n<p class=\"p1\"><span class=\"s1\">10 Termine Freitags<\/span><\/p>\n<p class=\"p1\"><span class=\"s1\">immer 19:00-20:00 Uhr<\/span><\/p>\n<p class=\"p1\"><span class=\"s1\">13.01., 20.01., 27.01., 10.02., 17.02., 24.02., 03.03., 10.03., 17.03., 24.03.23<\/span><\/p>\n","protected":false},"excerpt":{"rendered":"<p>Workshop\u00a0 \u201dColombianas mit Bata de Cola und F\u00e4cher\u201d\u00a0 10 Termine Freitags immer 19:00-20:00 Uhr 13.01., 20.01., 27.01., 10.02., 17.02., 24.02., 03.03., 10.03., 17.03., 24.03.23<\/p>\n","protected":false},"author":1,"featured_media":31987,"comment_status":"closed","ping_status":"open","sticky":false,"template":"","format":"standard","meta":{"_et_pb_use_builder":"","_et_pb_old_content":"","_et_gb_content_width":"","_jetpack_memberships_contains_paid_content":false,"footnotes":"","jetpack_publicize_message":"","jetpack_publicize_feature_enabled":true,"jetpack_social_post_already_shared":true,"jetpack_social_options":{"image_generator_settings":{"template":"highway","default_image_id":0,"font":"","enabled":false},"version":2}},"categories":[12],"tags":[],"class_list":["post-31986","post","type-post","status-publish","format-standard","has-post-thumbnail","hentry","category-workshop"],"yoast_head":"<!-- This site is optimized with the Yoast SEO plugin v26.8 - https:\/\/yoast.com\/product\/yoast-seo-wordpress\/ -->\n<title>Colombianas Workshop - Laura la Risa<\/title>\n<meta name=\"robots\" content=\"index, follow, max-snippet:-1, max-image-preview:large, max-video-preview:-1\" \/>\n<link rel=\"canonical\" href=\"https:\/\/laura-la-risa.de\/es\/colombianas-workshop\" \/>\n<meta property=\"og:locale\" content=\"es_ES\" \/>\n<meta property=\"og:type\" content=\"article\" \/>\n<meta property=\"og:title\" content=\"Colombianas Workshop - Laura la Risa\" \/>\n<meta property=\"og:description\" content=\"Workshop\u00a0 \u201dColombianas mit Bata de Cola und F\u00e4cher\u201d\u00a0 10 Termine Freitags immer 19:00-20:00 Uhr 13.01., 20.01., 27.01., 10.02., 17.02., 24.02., 03.03., 10.03., 17.03., 24.03.23\" \/>\n<meta property=\"og:url\" content=\"https:\/\/laura-la-risa.de\/colombianas-workshop\" \/>\n<meta property=\"og:site_name\" content=\"Laura la Risa\" \/>\n<meta property=\"article:published_time\" content=\"2023-01-21T18:20:36+00:00\" \/>\n<meta property=\"og:image\" content=\"http:\/\/laura-la-risa.de\/wp-content\/uploads\/2023\/01\/Colombianas-flamenco-workshop.jpg\" \/>\n\t<meta property=\"og:image:width\" content=\"1080\" \/>\n\t<meta property=\"og:image:height\" content=\"1080\" \/>\n\t<meta property=\"og:image:type\" content=\"image\/jpeg\" \/>\n<meta name=\"author\" content=\"Emilio\" \/>\n<meta name=\"twitter:card\" content=\"summary_large_image\" \/>\n<meta name=\"twitter:label1\" content=\"Escrito por\" \/>\n\t<meta name=\"twitter:data1\" content=\"Emilio\" \/>\n\t<meta name=\"twitter:label2\" content=\"Tiempo de lectura\" \/>\n\t<meta name=\"twitter:data2\" content=\"1 minuto\" \/>\n<script type=\"application\/ld+json\" class=\"yoast-schema-graph\">{\"@context\":\"https:\/\/schema.org\",\"@graph\":[{\"@type\":\"Article\",\"@id\":\"https:\/\/laura-la-risa.de\/colombianas-workshop#article\",\"isPartOf\":{\"@id\":\"https:\/\/laura-la-risa.de\/colombianas-workshop\"},\"author\":{\"name\":\"Emilio\",\"@id\":\"https:\/\/laura-la-risa.de\/#\/schema\/person\/8d3e1554bc4fc353e0c34589d1ca1c7a\"},\"headline\":\"Colombianas Workshop\",\"datePublished\":\"2023-01-21T18:20:36+00:00\",\"mainEntityOfPage\":{\"@id\":\"https:\/\/laura-la-risa.de\/colombianas-workshop\"},\"wordCount\":16,\"image\":{\"@id\":\"https:\/\/laura-la-risa.de\/colombianas-workshop#primaryimage\"},\"thumbnailUrl\":\"https:\/\/i0.wp.com\/laura-la-risa.de\/wp-content\/uploads\/2023\/01\/Colombianas-flamenco-workshop.jpg?fit=1080%2C1080&ssl=1\",\"articleSection\":[\"Workshop\"],\"inLanguage\":\"es\"},{\"@type\":\"WebPage\",\"@id\":\"https:\/\/laura-la-risa.de\/colombianas-workshop\",\"url\":\"https:\/\/laura-la-risa.de\/colombianas-workshop\",\"name\":\"Colombianas Workshop - Laura la Risa\",\"isPartOf\":{\"@id\":\"https:\/\/laura-la-risa.de\/#website\"},\"primaryImageOfPage\":{\"@id\":\"https:\/\/laura-la-risa.de\/colombianas-workshop#primaryimage\"},\"image\":{\"@id\":\"https:\/\/laura-la-risa.de\/colombianas-workshop#primaryimage\"},\"thumbnailUrl\":\"https:\/\/i0.wp.com\/laura-la-risa.de\/wp-content\/uploads\/2023\/01\/Colombianas-flamenco-workshop.jpg?fit=1080%2C1080&ssl=1\",\"datePublished\":\"2023-01-21T18:20:36+00:00\",\"author\":{\"@id\":\"https:\/\/laura-la-risa.de\/#\/schema\/person\/8d3e1554bc4fc353e0c34589d1ca1c7a\"},\"breadcrumb\":{\"@id\":\"https:\/\/laura-la-risa.de\/colombianas-workshop#breadcrumb\"},\"inLanguage\":\"es\",\"potentialAction\":[{\"@type\":\"ReadAction\",\"target\":[\"https:\/\/laura-la-risa.de\/colombianas-workshop\"]}]},{\"@type\":\"ImageObject\",\"inLanguage\":\"es\",\"@id\":\"https:\/\/laura-la-risa.de\/colombianas-workshop#primaryimage\",\"url\":\"https:\/\/i0.wp.com\/laura-la-risa.de\/wp-content\/uploads\/2023\/01\/Colombianas-flamenco-workshop.jpg?fit=1080%2C1080&ssl=1\",\"contentUrl\":\"https:\/\/i0.wp.com\/laura-la-risa.de\/wp-content\/uploads\/2023\/01\/Colombianas-flamenco-workshop.jpg?fit=1080%2C1080&ssl=1\",\"width\":1080,\"height\":1080},{\"@type\":\"BreadcrumbList\",\"@id\":\"https:\/\/laura-la-risa.de\/colombianas-workshop#breadcrumb\",\"itemListElement\":[{\"@type\":\"ListItem\",\"position\":1,\"name\":\"Startseite\",\"item\":\"https:\/\/laura-la-risa.de\/es\"},{\"@type\":\"ListItem\",\"position\":2,\"name\":\"Colombianas Workshop\"}]},{\"@type\":\"WebSite\",\"@id\":\"https:\/\/laura-la-risa.de\/#website\",\"url\":\"https:\/\/laura-la-risa.de\/\",\"name\":\"Laura la Risa\",\"description\":\"flamenco puro\",\"potentialAction\":[{\"@type\":\"SearchAction\",\"target\":{\"@type\":\"EntryPoint\",\"urlTemplate\":\"https:\/\/laura-la-risa.de\/?s={search_term_string}\"},\"query-input\":{\"@type\":\"PropertyValueSpecification\",\"valueRequired\":true,\"valueName\":\"search_term_string\"}}],\"inLanguage\":\"es\"},{\"@type\":\"Person\",\"@id\":\"https:\/\/laura-la-risa.de\/#\/schema\/person\/8d3e1554bc4fc353e0c34589d1ca1c7a\",\"name\":\"Emilio\",\"image\":{\"@type\":\"ImageObject\",\"inLanguage\":\"es\",\"@id\":\"https:\/\/laura-la-risa.de\/#\/schema\/person\/image\/\",\"url\":\"https:\/\/secure.gravatar.com\/avatar\/71bf4ba9e8d4ab29e6a45a65e6fa217b?s=96&d=mm&r=g\",\"contentUrl\":\"https:\/\/secure.gravatar.com\/avatar\/71bf4ba9e8d4ab29e6a45a65e6fa217b?s=96&d=mm&r=g\",\"caption\":\"Emilio\"},\"url\":\"https:\/\/laura-la-risa.de\/es\/author\/emilio\"}]}<\/script>\n<!-- \/ Yoast SEO plugin. -->","yoast_head_json":{"title":"Colombianas Workshop - Laura la Risa","robots":{"index":"index","follow":"follow","max-snippet":"max-snippet:-1","max-image-preview":"max-image-preview:large","max-video-preview":"max-video-preview:-1"},"canonical":"https:\/\/laura-la-risa.de\/es\/colombianas-workshop","og_locale":"es_ES","og_type":"article","og_title":"Colombianas Workshop - Laura la Risa","og_description":"Workshop\u00a0 \u201dColombianas mit Bata de Cola und F\u00e4cher\u201d\u00a0 10 Termine Freitags immer 19:00-20:00 Uhr 13.01., 20.01., 27.01., 10.02., 17.02., 24.02., 03.03., 10.03., 17.03., 24.03.23","og_url":"https:\/\/laura-la-risa.de\/colombianas-workshop","og_site_name":"Laura la Risa","article_published_time":"2023-01-21T18:20:36+00:00","og_image":[{"width":1080,"height":1080,"url":"http:\/\/laura-la-risa.de\/wp-content\/uploads\/2023\/01\/Colombianas-flamenco-workshop.jpg","type":"image\/jpeg"}],"author":"Emilio","twitter_card":"summary_large_image","twitter_misc":{"Escrito por":"Emilio","Tiempo de lectura":"1 minuto"},"schema":{"@context":"https:\/\/schema.org","@graph":[{"@type":"Article","@id":"https:\/\/laura-la-risa.de\/colombianas-workshop#article","isPartOf":{"@id":"https:\/\/laura-la-risa.de\/colombianas-workshop"},"author":{"name":"Emilio","@id":"https:\/\/laura-la-risa.de\/#\/schema\/person\/8d3e1554bc4fc353e0c34589d1ca1c7a"},"headline":"Colombianas Workshop","datePublished":"2023-01-21T18:20:36+00:00","mainEntityOfPage":{"@id":"https:\/\/laura-la-risa.de\/colombianas-workshop"},"wordCount":16,"image":{"@id":"https:\/\/laura-la-risa.de\/colombianas-workshop#primaryimage"},"thumbnailUrl":"https:\/\/i0.wp.com\/laura-la-risa.de\/wp-content\/uploads\/2023\/01\/Colombianas-flamenco-workshop.jpg?fit=1080%2C1080&ssl=1","articleSection":["Workshop"],"inLanguage":"es"},{"@type":"WebPage","@id":"https:\/\/laura-la-risa.de\/colombianas-workshop","url":"https:\/\/laura-la-risa.de\/colombianas-workshop","name":"Colombianas Workshop - Laura la Risa","isPartOf":{"@id":"https:\/\/laura-la-risa.de\/#website"},"primaryImageOfPage":{"@id":"https:\/\/laura-la-risa.de\/colombianas-workshop#primaryimage"},"image":{"@id":"https:\/\/laura-la-risa.de\/colombianas-workshop#primaryimage"},"thumbnailUrl":"https:\/\/i0.wp.com\/laura-la-risa.de\/wp-content\/uploads\/2023\/01\/Colombianas-flamenco-workshop.jpg?fit=1080%2C1080&ssl=1","datePublished":"2023-01-21T18:20:36+00:00","author":{"@id":"https:\/\/laura-la-risa.de\/#\/schema\/person\/8d3e1554bc4fc353e0c34589d1ca1c7a"},"breadcrumb":{"@id":"https:\/\/laura-la-risa.de\/colombianas-workshop#breadcrumb"},"inLanguage":"es","potentialAction":[{"@type":"ReadAction","target":["https:\/\/laura-la-risa.de\/colombianas-workshop"]}]},{"@type":"ImageObject","inLanguage":"es","@id":"https:\/\/laura-la-risa.de\/colombianas-workshop#primaryimage","url":"https:\/\/i0.wp.com\/laura-la-risa.de\/wp-content\/uploads\/2023\/01\/Colombianas-flamenco-workshop.jpg?fit=1080%2C1080&ssl=1","contentUrl":"https:\/\/i0.wp.com\/laura-la-risa.de\/wp-content\/uploads\/2023\/01\/Colombianas-flamenco-workshop.jpg?fit=1080%2C1080&ssl=1","width":1080,"height":1080},{"@type":"BreadcrumbList","@id":"https:\/\/laura-la-risa.de\/colombianas-workshop#breadcrumb","itemListElement":[{"@type":"ListItem","position":1,"name":"Startseite","item":"https:\/\/laura-la-risa.de\/es"},{"@type":"ListItem","position":2,"name":"Colombianas Workshop"}]},{"@type":"WebSite","@id":"https:\/\/laura-la-risa.de\/#website","url":"https:\/\/laura-la-risa.de\/","name":"Laura la Risa","description":"flamenco puro","potentialAction":[{"@type":"SearchAction","target":{"@type":"EntryPoint","urlTemplate":"https:\/\/laura-la-risa.de\/?s={search_term_string}"},"query-input":{"@type":"PropertyValueSpecification","valueRequired":true,"valueName":"search_term_string"}}],"inLanguage":"es"},{"@type":"Person","@id":"https:\/\/laura-la-risa.de\/#\/schema\/person\/8d3e1554bc4fc353e0c34589d1ca1c7a","name":"Emilio","image":{"@type":"ImageObject","inLanguage":"es","@id":"https:\/\/laura-la-risa.de\/#\/schema\/person\/image\/","url":"https:\/\/secure.gravatar.com\/avatar\/71bf4ba9e8d4ab29e6a45a65e6fa217b?s=96&d=mm&r=g","contentUrl":"https:\/\/secure.gravatar.com\/avatar\/71bf4ba9e8d4ab29e6a45a65e6fa217b?s=96&d=mm&r=g","caption":"Emilio"},"url":"https:\/\/laura-la-risa.de\/es\/author\/emilio"}]}},"jetpack_publicize_connections":[],"jetpack_featured_media_url":"https:\/\/i0.wp.com\/laura-la-risa.de\/wp-content\/uploads\/2023\/01\/Colombianas-flamenco-workshop.jpg?fit=1080%2C1080&ssl=1","jetpack_sharing_enabled":true,"jetpack_shortlink":"https:\/\/wp.me\/p972UP-8jU","jetpack-related-posts":[{"id":32019,"url":"https:\/\/laura-la-risa.de\/es\/sevillanas-workshop","url_meta":{"origin":31986,"position":0},"title":"Sevillanas Workshop","author":"Emilio","date":"18. marzo 2023","format":false,"excerpt":"Kursprogramm 1. Sevillanas f\u00fcr Anf\u00e4nger*in 12:00 - 13:00 2. Sevillanas mit Mant\u00f3n 13:00 - 14:00 Kurszeiten 10 Termine samstags 29.04. - 08.07.2023 April: 29.04. Mai: 06.05., 13.05., 20.05. Juni: 03.06.,10.06.,17.06., 24.06. Juli: 01.07., 08.07.23 Kursinhalt: Dieser Kurs ist f\u00fcr alle geeignet, die Lust haben, endlich auf einer Feria mal Sevillanas\u2026","rel":"","context":"En \u00abWorkshop\u00bb","block_context":{"text":"Workshop","link":"https:\/\/laura-la-risa.de\/category\/workshop"},"img":{"alt_text":"","src":"https:\/\/i0.wp.com\/laura-la-risa.de\/wp-content\/uploads\/2023\/03\/sevillanas-workshop.png?fit=766%2C1090&ssl=1&resize=350%2C200","width":350,"height":200,"srcset":"https:\/\/i0.wp.com\/laura-la-risa.de\/wp-content\/uploads\/2023\/03\/sevillanas-workshop.png?fit=766%2C1090&ssl=1&resize=350%2C200 1x, https:\/\/i0.wp.com\/laura-la-risa.de\/wp-content\/uploads\/2023\/03\/sevillanas-workshop.png?fit=766%2C1090&ssl=1&resize=525%2C300 1.5x, https:\/\/i0.wp.com\/laura-la-risa.de\/wp-content\/uploads\/2023\/03\/sevillanas-workshop.png?fit=766%2C1090&ssl=1&resize=700%2C400 2x"},"classes":[]},{"id":31975,"url":"https:\/\/laura-la-risa.de\/es\/sevillas-fuer-anfaenger","url_meta":{"origin":31986,"position":1},"title":"Sevillanas f\u00fcr Anf\u00e4nger","author":"Emilio","date":"21. enero 2023","format":false,"excerpt":"Workshop mit Laura la Risa\u00a0 \u201dSevillanas f\u00fcr Anf\u00e4nger\u201d\u00a0 10 Termine Samstags immer von 12:00 - 13:00 Uhr 14.01., 21.01., 28.01., 11.02., 18.02., 25.02., 04.03., 11.03., 18.03., 25.03.23 Der Workshop ist f\u00fcr alle geeignet, die die 4 Strophen der Sevillanas ganz in Ruhe von Anfang an lernen und tanzend durchgehen m\u00f6chten.","rel":"","context":"En \u00abWorkshop\u00bb","block_context":{"text":"Workshop","link":"https:\/\/laura-la-risa.de\/category\/workshop"},"img":{"alt_text":"","src":"https:\/\/i0.wp.com\/laura-la-risa.de\/wp-content\/uploads\/2023\/01\/flamenco-sevillanas-laura-la-risa-workshop.jpg?fit=1080%2C1080&ssl=1&resize=350%2C200","width":350,"height":200,"srcset":"https:\/\/i0.wp.com\/laura-la-risa.de\/wp-content\/uploads\/2023\/01\/flamenco-sevillanas-laura-la-risa-workshop.jpg?fit=1080%2C1080&ssl=1&resize=350%2C200 1x, https:\/\/i0.wp.com\/laura-la-risa.de\/wp-content\/uploads\/2023\/01\/flamenco-sevillanas-laura-la-risa-workshop.jpg?fit=1080%2C1080&ssl=1&resize=525%2C300 1.5x, https:\/\/i0.wp.com\/laura-la-risa.de\/wp-content\/uploads\/2023\/01\/flamenco-sevillanas-laura-la-risa-workshop.jpg?fit=1080%2C1080&ssl=1&resize=700%2C400 2x, https:\/\/i0.wp.com\/laura-la-risa.de\/wp-content\/uploads\/2023\/01\/flamenco-sevillanas-laura-la-risa-workshop.jpg?fit=1080%2C1080&ssl=1&resize=1050%2C600 3x"},"classes":[]},{"id":31980,"url":"https:\/\/laura-la-risa.de\/es\/bata-de-cola-por-tangos","url_meta":{"origin":31986,"position":2},"title":"Bata de Cola &#8211; Por Tangos","author":"Emilio","date":"21. enero 2023","format":false,"excerpt":"Workshop mit Laura la Risa\u00a0 \u201dpor Tangos con Bata de Cola\u201d\u00a0 10 Termine Freitags immer von 18:00 - 19:00 Uhr 13.01., 20.01., 27.01., 10.02., 17.02., 24.02., 03.03., 10.03., 17.03., 24.03.23","rel":"","context":"En \u00abWorkshop\u00bb","block_context":{"text":"Workshop","link":"https:\/\/laura-la-risa.de\/category\/workshop"},"img":{"alt_text":"","src":"https:\/\/i0.wp.com\/laura-la-risa.de\/wp-content\/uploads\/2023\/01\/flamenco-workshop-bata-de-cola-mit-laura-la-risa.jpg?fit=1080%2C1080&ssl=1&resize=350%2C200","width":350,"height":200,"srcset":"https:\/\/i0.wp.com\/laura-la-risa.de\/wp-content\/uploads\/2023\/01\/flamenco-workshop-bata-de-cola-mit-laura-la-risa.jpg?fit=1080%2C1080&ssl=1&resize=350%2C200 1x, https:\/\/i0.wp.com\/laura-la-risa.de\/wp-content\/uploads\/2023\/01\/flamenco-workshop-bata-de-cola-mit-laura-la-risa.jpg?fit=1080%2C1080&ssl=1&resize=525%2C300 1.5x, https:\/\/i0.wp.com\/laura-la-risa.de\/wp-content\/uploads\/2023\/01\/flamenco-workshop-bata-de-cola-mit-laura-la-risa.jpg?fit=1080%2C1080&ssl=1&resize=700%2C400 2x, https:\/\/i0.wp.com\/laura-la-risa.de\/wp-content\/uploads\/2023\/01\/flamenco-workshop-bata-de-cola-mit-laura-la-risa.jpg?fit=1080%2C1080&ssl=1&resize=1050%2C600 3x"},"classes":[]},{"id":30362,"url":"https:\/\/laura-la-risa.de\/es\/baila-baila-sommerworkshop","url_meta":{"origin":31986,"position":3},"title":"Baila Baila &#8211; Sommerworkshop","author":"Emilio","date":"1. julio 2018","format":false,"excerpt":" Wir tanzen zu verschiedenen Liedern mit einfachem\u2026","rel":"","context":"En \u00abWorkshop\u00bb","block_context":{"text":"Workshop","link":"https:\/\/laura-la-risa.de\/category\/workshop"},"img":{"alt_text":"BAILA BAILA \u2013 SOMMERWORKSHOP","src":"https:\/\/i0.wp.com\/laura-la-risa.de\/wp-content\/uploads\/2018\/07\/baila-baila.jpg?fit=640%2C400&ssl=1&resize=350%2C200","width":350,"height":200,"srcset":"https:\/\/i0.wp.com\/laura-la-risa.de\/wp-content\/uploads\/2018\/07\/baila-baila.jpg?fit=640%2C400&ssl=1&resize=350%2C200 1x, https:\/\/i0.wp.com\/laura-la-risa.de\/wp-content\/uploads\/2018\/07\/baila-baila.jpg?fit=640%2C400&ssl=1&resize=525%2C300 1.5x"},"classes":[]},{"id":31540,"url":"https:\/\/laura-la-risa.de\/es\/workshop-bata-de-cola","url_meta":{"origin":31986,"position":4},"title":"Workshop: Bata de Cola","author":"Emilio","date":"6. diciembre 2021","format":false,"excerpt":"Ab Januar 2022 gibt es wieder die beliebten Bata de Cola Workshops bei Laura la Risa. 1. Technik mit Schlepperock - t\u00e9cnica de Bata de Cola Kurszeiten 10 Termine - immer Freitags von 18:00 - 19:00 Uhr Januar: 14.01., 21.01. Februar: 11.02., 18.02., 25.02. M\u00e4rz: 11.03., 18.03., 25.03. April: 01.04.,\u2026","rel":"","context":"En \u00abWorkshop\u00bb","block_context":{"text":"Workshop","link":"https:\/\/laura-la-risa.de\/category\/workshop"},"img":{"alt_text":"","src":"https:\/\/i0.wp.com\/laura-la-risa.de\/wp-content\/uploads\/2021\/12\/workshop-bata-de-cola-laura-la-risa.jpg?fit=675%2C675&ssl=1&resize=350%2C200","width":350,"height":200,"srcset":"https:\/\/i0.wp.com\/laura-la-risa.de\/wp-content\/uploads\/2021\/12\/workshop-bata-de-cola-laura-la-risa.jpg?fit=675%2C675&ssl=1&resize=350%2C200 1x, https:\/\/i0.wp.com\/laura-la-risa.de\/wp-content\/uploads\/2021\/12\/workshop-bata-de-cola-laura-la-risa.jpg?fit=675%2C675&ssl=1&resize=525%2C300 1.5x"},"classes":[]},{"id":30877,"url":"https:\/\/laura-la-risa.de\/es\/2-bata-de-cola-workshops","url_meta":{"origin":31986,"position":5},"title":"2 Bata de Cola Workshops","author":"Emilio","date":"25. enero 2020","format":false,"excerpt":"1. Alegrias mit Schlepperock F Alegrias con Bata de Cola F mit Laura la Risa Workshop f\u00fcr Fortgeschrittene Kursprogramm Alegrias mit Bata de Cola erfordert gute Kenntnisse \u00fcber den Palo und einige Erfahrung mit der Bata de Cola. Wir arbeiten an einer ganzen Choreografie.\u00a0\u00a0\u00a0\u00a0\u00a0\u00a0\u00a0\u00a0\u00a0\u00a0\u00a0\u00a0\u00a0\u00a0\u00a0\u00a0\u00a0\u00a0\u00a0\u00a0\u00a0\u00a0\u00a0\u00a0\u00a0\u00a0\u00a0\u00a0\u00a0\u00a0\u00a0\u00a0\u00a0\u00a0\u00a0\u00a0\u00a0\u00a0\u00a0\u00a0\u00a0\u00a0\u00a0\u00a0\u00a0\u00a0\u00a0\u00a0\u00a0\u00a0\u00a0\u00a0\u00a0\u00a0\u00a0\u00a0\u00a0\u00a0Eine Bata kann geliehen oder bei Bedarf\u2026","rel":"","context":"En \u00abWorkshop\u00bb","block_context":{"text":"Workshop","link":"https:\/\/laura-la-risa.de\/category\/workshop"},"img":{"alt_text":"Laura la Risa","src":"https:\/\/i0.wp.com\/laura-la-risa.de\/wp-content\/uploads\/2019\/06\/laura-la-risa-la-reina.jpg?fit=681%2C960&ssl=1&resize=350%2C200","width":350,"height":200,"srcset":"https:\/\/i0.wp.com\/laura-la-risa.de\/wp-content\/uploads\/2019\/06\/laura-la-risa-la-reina.jpg?fit=681%2C960&ssl=1&resize=350%2C200 1x, https:\/\/i0.wp.com\/laura-la-risa.de\/wp-content\/uploads\/2019\/06\/laura-la-risa-la-reina.jpg?fit=681%2C960&ssl=1&resize=525%2C300 1.5x"},"classes":[]}],"jetpack_likes_enabled":true,"_links":{"self":[{"href":"https:\/\/laura-la-risa.de\/es\/wp-json\/wp\/v2\/posts\/31986","targetHints":{"allow":["GET"]}}],"collection":[{"href":"https:\/\/laura-la-risa.de\/es\/wp-json\/wp\/v2\/posts"}],"about":[{"href":"https:\/\/laura-la-risa.de\/es\/wp-json\/wp\/v2\/types\/post"}],"author":[{"embeddable":true,"href":"https:\/\/laura-la-risa.de\/es\/wp-json\/wp\/v2\/users\/1"}],"replies":[{"embeddable":true,"href":"https:\/\/laura-la-risa.de\/es\/wp-json\/wp\/v2\/comments?post=31986"}],"version-history":[{"count":1,"href":"https:\/\/laura-la-risa.de\/es\/wp-json\/wp\/v2\/posts\/31986\/revisions"}],"predecessor-version":[{"id":31989,"href":"https:\/\/laura-la-risa.de\/es\/wp-json\/wp\/v2\/posts\/31986\/revisions\/31989"}],"wp:featuredmedia":[{"embeddable":true,"href":"https:\/\/laura-la-risa.de\/es\/wp-json\/wp\/v2\/media\/31987"}],"wp:attachment":[{"href":"https:\/\/laura-la-risa.de\/es\/wp-json\/wp\/v2\/media?parent=31986"}],"wp:term":[{"taxonomy":"category","embeddable":true,"href":"https:\/\/laura-la-risa.de\/es\/wp-json\/wp\/v2\/categories?post=31986"},{"taxonomy":"post_tag","embeddable":true,"href":"https:\/\/laura-la-risa.de\/es\/wp-json\/wp\/v2\/tags?post=31986"}],"curies":[{"name":"wp","href":"https:\/\/api.w.org\/{rel}","templated":true}]}}