{"id":32164,"date":"2023-09-03T22:21:49","date_gmt":"2023-09-03T20:21:49","guid":{"rendered":"https:\/\/laura-la-risa.de\/?p=32164"},"modified":"2023-09-03T22:23:26","modified_gmt":"2023-09-03T20:23:26","slug":"infos-und-termine-2-halbjahr","status":"publish","type":"post","link":"https:\/\/laura-la-risa.de\/es\/infos-und-termine-2-halbjahr","title":{"rendered":"Infos und Termine 2. Halbjahr"},"content":{"rendered":"<p>Queridos aficionados,<br \/>\nliebe Tanzbegeisterte&#8230;.<br \/>\nvon September bis Dezember bietet das a comp\u00e1s ein vielseitiges Programm mit vielen neuen Kursen, Auftritten, Workshops, unserer Sevilla-Reise und Aktionen f\u00fcr Alle!<\/p>\n<p><a href=\"http:\/\/laura-la-risa.de\/wp-content\/uploads\/2023\/09\/Info-2.HJ-2023-a-compas.pdf\" target=\"_blank\" rel=\"noopener noreferrer nofollow\">Haz clic para acceder a Info-2.HJ-2023-a-compas.pdf<\/a><\/p>\n<p>Guckt mal rein&#8230;<br \/>\nSaludos Flamencos,<br \/>\nLaura la Risa<\/p>\n","protected":false},"excerpt":{"rendered":"<p>Queridos aficionados, liebe Tanzbegeisterte&#8230;. von September bis Dezember bietet das a comp\u00e1s ein vielseitiges Programm mit vielen neuen Kursen, Auftritten, Workshops, unserer Sevilla-Reise und Aktionen f\u00fcr Alle! Haz clic para acceder a Info-2.HJ-2023-a-compas.pdf Guckt mal rein&#8230; Saludos Flamencos, Laura la Risa<\/p>\n","protected":false},"author":1,"featured_media":32165,"comment_status":"closed","ping_status":"open","sticky":false,"template":"","format":"standard","meta":{"_et_pb_use_builder":"","_et_pb_old_content":"","_et_gb_content_width":"","_jetpack_memberships_contains_paid_content":false,"footnotes":"","jetpack_publicize_message":"","jetpack_publicize_feature_enabled":true,"jetpack_social_post_already_shared":true,"jetpack_social_options":{"image_generator_settings":{"template":"highway","default_image_id":0,"font":"","enabled":false},"version":2}},"categories":[1],"tags":[],"class_list":["post-32164","post","type-post","status-publish","format-standard","has-post-thumbnail","hentry","category-unkategorisiert"],"yoast_head":"<!-- This site is optimized with the Yoast SEO plugin v26.8 - https:\/\/yoast.com\/product\/yoast-seo-wordpress\/ -->\n<title>Infos und Termine 2. Halbjahr - Laura la Risa<\/title>\n<meta name=\"robots\" content=\"index, follow, max-snippet:-1, max-image-preview:large, max-video-preview:-1\" \/>\n<link rel=\"canonical\" href=\"https:\/\/laura-la-risa.de\/es\/infos-und-termine-2-halbjahr\" \/>\n<meta property=\"og:locale\" content=\"es_ES\" \/>\n<meta property=\"og:type\" content=\"article\" \/>\n<meta property=\"og:title\" content=\"Infos und Termine 2. Halbjahr - Laura la Risa\" \/>\n<meta property=\"og:description\" content=\"Queridos aficionados, liebe Tanzbegeisterte&#8230;. von September bis Dezember bietet das a comp\u00e1s ein vielseitiges Programm mit vielen neuen Kursen, Auftritten, Workshops, unserer Sevilla-Reise und Aktionen f\u00fcr Alle! Haz clic para acceder a Info-2.HJ-2023-a-compas.pdf Guckt mal rein&#8230; Saludos Flamencos, Laura la Risa\" \/>\n<meta property=\"og:url\" content=\"https:\/\/laura-la-risa.de\/infos-und-termine-2-halbjahr\" \/>\n<meta property=\"og:site_name\" content=\"Laura la Risa\" \/>\n<meta property=\"article:published_time\" content=\"2023-09-03T20:21:49+00:00\" \/>\n<meta property=\"article:modified_time\" content=\"2023-09-03T20:23:26+00:00\" \/>\n<meta property=\"og:image\" content=\"http:\/\/laura-la-risa.de\/wp-content\/uploads\/2023\/09\/flamenco-mit-laura-la-risa-1.jpg\" \/>\n\t<meta property=\"og:image:width\" content=\"960\" \/>\n\t<meta property=\"og:image:height\" content=\"719\" \/>\n\t<meta property=\"og:image:type\" content=\"image\/jpeg\" \/>\n<meta name=\"author\" content=\"Emilio\" \/>\n<meta name=\"twitter:card\" content=\"summary_large_image\" \/>\n<meta name=\"twitter:label1\" content=\"Escrito por\" \/>\n\t<meta name=\"twitter:data1\" content=\"Emilio\" \/>\n\t<meta name=\"twitter:label2\" content=\"Tiempo de lectura\" \/>\n\t<meta name=\"twitter:data2\" content=\"1 minuto\" \/>\n<script type=\"application\/ld+json\" class=\"yoast-schema-graph\">{\"@context\":\"https:\/\/schema.org\",\"@graph\":[{\"@type\":\"Article\",\"@id\":\"https:\/\/laura-la-risa.de\/infos-und-termine-2-halbjahr#article\",\"isPartOf\":{\"@id\":\"https:\/\/laura-la-risa.de\/infos-und-termine-2-halbjahr\"},\"author\":{\"name\":\"Emilio\",\"@id\":\"https:\/\/laura-la-risa.de\/#\/schema\/person\/8d3e1554bc4fc353e0c34589d1ca1c7a\"},\"headline\":\"Infos und Termine 2. Halbjahr\",\"datePublished\":\"2023-09-03T20:21:49+00:00\",\"dateModified\":\"2023-09-03T20:23:26+00:00\",\"mainEntityOfPage\":{\"@id\":\"https:\/\/laura-la-risa.de\/infos-und-termine-2-halbjahr\"},\"wordCount\":50,\"image\":{\"@id\":\"https:\/\/laura-la-risa.de\/infos-und-termine-2-halbjahr#primaryimage\"},\"thumbnailUrl\":\"https:\/\/i0.wp.com\/laura-la-risa.de\/wp-content\/uploads\/2023\/09\/flamenco-mit-laura-la-risa-1.jpg?fit=960%2C719&ssl=1\",\"articleSection\":[\"Unkategorisiert\"],\"inLanguage\":\"es\"},{\"@type\":\"WebPage\",\"@id\":\"https:\/\/laura-la-risa.de\/infos-und-termine-2-halbjahr\",\"url\":\"https:\/\/laura-la-risa.de\/infos-und-termine-2-halbjahr\",\"name\":\"Infos und Termine 2. Halbjahr - Laura la Risa\",\"isPartOf\":{\"@id\":\"https:\/\/laura-la-risa.de\/#website\"},\"primaryImageOfPage\":{\"@id\":\"https:\/\/laura-la-risa.de\/infos-und-termine-2-halbjahr#primaryimage\"},\"image\":{\"@id\":\"https:\/\/laura-la-risa.de\/infos-und-termine-2-halbjahr#primaryimage\"},\"thumbnailUrl\":\"https:\/\/i0.wp.com\/laura-la-risa.de\/wp-content\/uploads\/2023\/09\/flamenco-mit-laura-la-risa-1.jpg?fit=960%2C719&ssl=1\",\"datePublished\":\"2023-09-03T20:21:49+00:00\",\"dateModified\":\"2023-09-03T20:23:26+00:00\",\"author\":{\"@id\":\"https:\/\/laura-la-risa.de\/#\/schema\/person\/8d3e1554bc4fc353e0c34589d1ca1c7a\"},\"breadcrumb\":{\"@id\":\"https:\/\/laura-la-risa.de\/infos-und-termine-2-halbjahr#breadcrumb\"},\"inLanguage\":\"es\",\"potentialAction\":[{\"@type\":\"ReadAction\",\"target\":[\"https:\/\/laura-la-risa.de\/infos-und-termine-2-halbjahr\"]}]},{\"@type\":\"ImageObject\",\"inLanguage\":\"es\",\"@id\":\"https:\/\/laura-la-risa.de\/infos-und-termine-2-halbjahr#primaryimage\",\"url\":\"https:\/\/i0.wp.com\/laura-la-risa.de\/wp-content\/uploads\/2023\/09\/flamenco-mit-laura-la-risa-1.jpg?fit=960%2C719&ssl=1\",\"contentUrl\":\"https:\/\/i0.wp.com\/laura-la-risa.de\/wp-content\/uploads\/2023\/09\/flamenco-mit-laura-la-risa-1.jpg?fit=960%2C719&ssl=1\",\"width\":960,\"height\":719},{\"@type\":\"BreadcrumbList\",\"@id\":\"https:\/\/laura-la-risa.de\/infos-und-termine-2-halbjahr#breadcrumb\",\"itemListElement\":[{\"@type\":\"ListItem\",\"position\":1,\"name\":\"Startseite\",\"item\":\"https:\/\/laura-la-risa.de\/es\"},{\"@type\":\"ListItem\",\"position\":2,\"name\":\"Infos und Termine 2. Halbjahr\"}]},{\"@type\":\"WebSite\",\"@id\":\"https:\/\/laura-la-risa.de\/#website\",\"url\":\"https:\/\/laura-la-risa.de\/\",\"name\":\"Laura la Risa\",\"description\":\"flamenco puro\",\"potentialAction\":[{\"@type\":\"SearchAction\",\"target\":{\"@type\":\"EntryPoint\",\"urlTemplate\":\"https:\/\/laura-la-risa.de\/?s={search_term_string}\"},\"query-input\":{\"@type\":\"PropertyValueSpecification\",\"valueRequired\":true,\"valueName\":\"search_term_string\"}}],\"inLanguage\":\"es\"},{\"@type\":\"Person\",\"@id\":\"https:\/\/laura-la-risa.de\/#\/schema\/person\/8d3e1554bc4fc353e0c34589d1ca1c7a\",\"name\":\"Emilio\",\"image\":{\"@type\":\"ImageObject\",\"inLanguage\":\"es\",\"@id\":\"https:\/\/laura-la-risa.de\/#\/schema\/person\/image\/\",\"url\":\"https:\/\/secure.gravatar.com\/avatar\/71bf4ba9e8d4ab29e6a45a65e6fa217b?s=96&d=mm&r=g\",\"contentUrl\":\"https:\/\/secure.gravatar.com\/avatar\/71bf4ba9e8d4ab29e6a45a65e6fa217b?s=96&d=mm&r=g\",\"caption\":\"Emilio\"},\"url\":\"https:\/\/laura-la-risa.de\/es\/author\/emilio\"}]}<\/script>\n<!-- \/ Yoast SEO plugin. -->","yoast_head_json":{"title":"Infos und Termine 2. Halbjahr - Laura la Risa","robots":{"index":"index","follow":"follow","max-snippet":"max-snippet:-1","max-image-preview":"max-image-preview:large","max-video-preview":"max-video-preview:-1"},"canonical":"https:\/\/laura-la-risa.de\/es\/infos-und-termine-2-halbjahr","og_locale":"es_ES","og_type":"article","og_title":"Infos und Termine 2. Halbjahr - Laura la Risa","og_description":"Queridos aficionados, liebe Tanzbegeisterte&#8230;. von September bis Dezember bietet das a comp\u00e1s ein vielseitiges Programm mit vielen neuen Kursen, Auftritten, Workshops, unserer Sevilla-Reise und Aktionen f\u00fcr Alle! Haz clic para acceder a Info-2.HJ-2023-a-compas.pdf Guckt mal rein&#8230; Saludos Flamencos, Laura la Risa","og_url":"https:\/\/laura-la-risa.de\/infos-und-termine-2-halbjahr","og_site_name":"Laura la Risa","article_published_time":"2023-09-03T20:21:49+00:00","article_modified_time":"2023-09-03T20:23:26+00:00","og_image":[{"width":960,"height":719,"url":"http:\/\/laura-la-risa.de\/wp-content\/uploads\/2023\/09\/flamenco-mit-laura-la-risa-1.jpg","type":"image\/jpeg"}],"author":"Emilio","twitter_card":"summary_large_image","twitter_misc":{"Escrito por":"Emilio","Tiempo de lectura":"1 minuto"},"schema":{"@context":"https:\/\/schema.org","@graph":[{"@type":"Article","@id":"https:\/\/laura-la-risa.de\/infos-und-termine-2-halbjahr#article","isPartOf":{"@id":"https:\/\/laura-la-risa.de\/infos-und-termine-2-halbjahr"},"author":{"name":"Emilio","@id":"https:\/\/laura-la-risa.de\/#\/schema\/person\/8d3e1554bc4fc353e0c34589d1ca1c7a"},"headline":"Infos und Termine 2. Halbjahr","datePublished":"2023-09-03T20:21:49+00:00","dateModified":"2023-09-03T20:23:26+00:00","mainEntityOfPage":{"@id":"https:\/\/laura-la-risa.de\/infos-und-termine-2-halbjahr"},"wordCount":50,"image":{"@id":"https:\/\/laura-la-risa.de\/infos-und-termine-2-halbjahr#primaryimage"},"thumbnailUrl":"https:\/\/i0.wp.com\/laura-la-risa.de\/wp-content\/uploads\/2023\/09\/flamenco-mit-laura-la-risa-1.jpg?fit=960%2C719&ssl=1","articleSection":["Unkategorisiert"],"inLanguage":"es"},{"@type":"WebPage","@id":"https:\/\/laura-la-risa.de\/infos-und-termine-2-halbjahr","url":"https:\/\/laura-la-risa.de\/infos-und-termine-2-halbjahr","name":"Infos und Termine 2. Halbjahr - Laura la Risa","isPartOf":{"@id":"https:\/\/laura-la-risa.de\/#website"},"primaryImageOfPage":{"@id":"https:\/\/laura-la-risa.de\/infos-und-termine-2-halbjahr#primaryimage"},"image":{"@id":"https:\/\/laura-la-risa.de\/infos-und-termine-2-halbjahr#primaryimage"},"thumbnailUrl":"https:\/\/i0.wp.com\/laura-la-risa.de\/wp-content\/uploads\/2023\/09\/flamenco-mit-laura-la-risa-1.jpg?fit=960%2C719&ssl=1","datePublished":"2023-09-03T20:21:49+00:00","dateModified":"2023-09-03T20:23:26+00:00","author":{"@id":"https:\/\/laura-la-risa.de\/#\/schema\/person\/8d3e1554bc4fc353e0c34589d1ca1c7a"},"breadcrumb":{"@id":"https:\/\/laura-la-risa.de\/infos-und-termine-2-halbjahr#breadcrumb"},"inLanguage":"es","potentialAction":[{"@type":"ReadAction","target":["https:\/\/laura-la-risa.de\/infos-und-termine-2-halbjahr"]}]},{"@type":"ImageObject","inLanguage":"es","@id":"https:\/\/laura-la-risa.de\/infos-und-termine-2-halbjahr#primaryimage","url":"https:\/\/i0.wp.com\/laura-la-risa.de\/wp-content\/uploads\/2023\/09\/flamenco-mit-laura-la-risa-1.jpg?fit=960%2C719&ssl=1","contentUrl":"https:\/\/i0.wp.com\/laura-la-risa.de\/wp-content\/uploads\/2023\/09\/flamenco-mit-laura-la-risa-1.jpg?fit=960%2C719&ssl=1","width":960,"height":719},{"@type":"BreadcrumbList","@id":"https:\/\/laura-la-risa.de\/infos-und-termine-2-halbjahr#breadcrumb","itemListElement":[{"@type":"ListItem","position":1,"name":"Startseite","item":"https:\/\/laura-la-risa.de\/es"},{"@type":"ListItem","position":2,"name":"Infos und Termine 2. Halbjahr"}]},{"@type":"WebSite","@id":"https:\/\/laura-la-risa.de\/#website","url":"https:\/\/laura-la-risa.de\/","name":"Laura la Risa","description":"flamenco puro","potentialAction":[{"@type":"SearchAction","target":{"@type":"EntryPoint","urlTemplate":"https:\/\/laura-la-risa.de\/?s={search_term_string}"},"query-input":{"@type":"PropertyValueSpecification","valueRequired":true,"valueName":"search_term_string"}}],"inLanguage":"es"},{"@type":"Person","@id":"https:\/\/laura-la-risa.de\/#\/schema\/person\/8d3e1554bc4fc353e0c34589d1ca1c7a","name":"Emilio","image":{"@type":"ImageObject","inLanguage":"es","@id":"https:\/\/laura-la-risa.de\/#\/schema\/person\/image\/","url":"https:\/\/secure.gravatar.com\/avatar\/71bf4ba9e8d4ab29e6a45a65e6fa217b?s=96&d=mm&r=g","contentUrl":"https:\/\/secure.gravatar.com\/avatar\/71bf4ba9e8d4ab29e6a45a65e6fa217b?s=96&d=mm&r=g","caption":"Emilio"},"url":"https:\/\/laura-la-risa.de\/es\/author\/emilio"}]}},"jetpack_publicize_connections":[],"jetpack_featured_media_url":"https:\/\/i0.wp.com\/laura-la-risa.de\/wp-content\/uploads\/2023\/09\/flamenco-mit-laura-la-risa-1.jpg?fit=960%2C719&ssl=1","jetpack_sharing_enabled":true,"jetpack_shortlink":"https:\/\/wp.me\/p972UP-8mM","jetpack-related-posts":[{"id":32161,"url":"https:\/\/laura-la-risa.de\/es\/flamencoreise-nach-sevilla","url_meta":{"origin":32164,"position":0},"title":"Flamencoreise nach Sevilla","author":"Emilio","date":"29. agosto 2023","format":false,"excerpt":"2. Flamencoreise in den Herbstferien 2023 nach Sevilla mit Laura la Risa vom 29.10. - 05.11.2023 Tanzen - Sevilla erobern - \u00a0Flamencoshows Anmeldung & Info: www.laura-la-risa.de","rel":"","context":"En \u00abProgramm\u00bb","block_context":{"text":"Programm","link":"https:\/\/laura-la-risa.de\/category\/programm"},"img":{"alt_text":"Flamenco en Sevilla","src":"https:\/\/i0.wp.com\/laura-la-risa.de\/wp-content\/uploads\/2018\/10\/flamenco-en-sevilla.jpg?fit=1142%2C800&ssl=1&resize=350%2C200","width":350,"height":200,"srcset":"https:\/\/i0.wp.com\/laura-la-risa.de\/wp-content\/uploads\/2018\/10\/flamenco-en-sevilla.jpg?fit=1142%2C800&ssl=1&resize=350%2C200 1x, https:\/\/i0.wp.com\/laura-la-risa.de\/wp-content\/uploads\/2018\/10\/flamenco-en-sevilla.jpg?fit=1142%2C800&ssl=1&resize=525%2C300 1.5x, https:\/\/i0.wp.com\/laura-la-risa.de\/wp-content\/uploads\/2018\/10\/flamenco-en-sevilla.jpg?fit=1142%2C800&ssl=1&resize=700%2C400 2x, https:\/\/i0.wp.com\/laura-la-risa.de\/wp-content\/uploads\/2018\/10\/flamenco-en-sevilla.jpg?fit=1142%2C800&ssl=1&resize=1050%2C600 3x"},"classes":[]},{"id":32194,"url":"https:\/\/laura-la-risa.de\/es\/tablao-flamenco-3","url_meta":{"origin":32164,"position":1},"title":"Tablao Flamenco","author":"Emilio","date":"25. octubre 2023","format":false,"excerpt":"25 November 2023 Tanz: Laura la Risa Gesang: Javi Castrill\u00f3n Gitarre: Carlos el Canario, Valle Monje Einlass: 19:00 Beginn: 20:00 a comp\u00e1s studio&location in den H\u00f6fen am S\u00fcdstern Hof 3 Hasenheide 54 10967 Berlin Eintritt 20\u20ac, erm.18\u20ac Karten: info@acompas.de","rel":"","context":"En \u00abFlamencoauftritt\u00bb","block_context":{"text":"Flamencoauftritt","link":"https:\/\/laura-la-risa.de\/category\/flamencoauftritt"},"img":{"alt_text":"","src":"https:\/\/i0.wp.com\/laura-la-risa.de\/wp-content\/uploads\/2023\/10\/tablao-flamenco-laura-la-risa.jpeg?fit=1080%2C1080&ssl=1&resize=350%2C200","width":350,"height":200,"srcset":"https:\/\/i0.wp.com\/laura-la-risa.de\/wp-content\/uploads\/2023\/10\/tablao-flamenco-laura-la-risa.jpeg?fit=1080%2C1080&ssl=1&resize=350%2C200 1x, https:\/\/i0.wp.com\/laura-la-risa.de\/wp-content\/uploads\/2023\/10\/tablao-flamenco-laura-la-risa.jpeg?fit=1080%2C1080&ssl=1&resize=525%2C300 1.5x, https:\/\/i0.wp.com\/laura-la-risa.de\/wp-content\/uploads\/2023\/10\/tablao-flamenco-laura-la-risa.jpeg?fit=1080%2C1080&ssl=1&resize=700%2C400 2x, https:\/\/i0.wp.com\/laura-la-risa.de\/wp-content\/uploads\/2023\/10\/tablao-flamenco-laura-la-risa.jpeg?fit=1080%2C1080&ssl=1&resize=1050%2C600 3x"},"classes":[]},{"id":29928,"url":"https:\/\/laura-la-risa.de\/es\/programm-2-halbjahr-2017","url_meta":{"origin":32164,"position":2},"title":"Programm 2. Halbjahr 2017","author":"Emilio","date":"25. septiembre 2017","format":false,"excerpt":"Programm - 2. Halbjahr 2017 Flamencotanztheater 2017 \u00a0 \u201cla Casa de Bernarda Alba\u201d Flamencotanztheater nach Federico Garcia Lorca Regie: Laura la Risa Laura la Risa y Compa\u00f1\u00eda * 08.09.2017 20.00 Uhr a comp\u00e1s Studio&Location Hasenheide 54, 10967 Berlin Info & Karten: info@acompas.de \u201ela Reina Infeliz - Noticias de una Loca\u201d\u2026","rel":"","context":"En \u00abProgramm\u00bb","block_context":{"text":"Programm","link":"https:\/\/laura-la-risa.de\/category\/programm"},"img":{"alt_text":"Foto: Ralf Bieniek","src":"https:\/\/i0.wp.com\/laura-la-risa.de\/wp-content\/uploads\/2017\/09\/flamenco-programm.jpg?fit=960%2C640&ssl=1&resize=350%2C200","width":350,"height":200,"srcset":"https:\/\/i0.wp.com\/laura-la-risa.de\/wp-content\/uploads\/2017\/09\/flamenco-programm.jpg?fit=960%2C640&ssl=1&resize=350%2C200 1x, https:\/\/i0.wp.com\/laura-la-risa.de\/wp-content\/uploads\/2017\/09\/flamenco-programm.jpg?fit=960%2C640&ssl=1&resize=525%2C300 1.5x, https:\/\/i0.wp.com\/laura-la-risa.de\/wp-content\/uploads\/2017\/09\/flamenco-programm.jpg?fit=960%2C640&ssl=1&resize=700%2C400 2x"},"classes":[]},{"id":32775,"url":"https:\/\/laura-la-risa.de\/es\/der-mai-mit-laura-la-risa","url_meta":{"origin":32164,"position":3},"title":"der Mai mit Laura la Risa","author":"Emilio","date":"29. abril 2025","format":false,"excerpt":"Ihr Lieben! Hoffentlich hatten alle sch\u00f6ne Osterferien! Das a comp\u00e1s ist wieder regul\u00e4r ge\u00f6ffnet und es geht nun gleich weiter mit Unterricht, Workshops und Auftritten bei allen Dozent*innen. Hier die \u00dcbersicht: AUFTRITTE 1. Do 01.Mai 2025 Fr\u00fchlingsfest im Seebad Friedrichshagen Flamenco Ol\u00e9 mit Laura la Risa y Compa\u00f1ia ab 15:00\u2026","rel":"","context":"En \u00abUnkategorisiert\u00bb","block_context":{"text":"Unkategorisiert","link":"https:\/\/laura-la-risa.de\/category\/unkategorisiert"},"img":{"alt_text":"Laura la RIsa","src":"https:\/\/i0.wp.com\/laura-la-risa.de\/wp-content\/uploads\/2019\/08\/0580.jpg?fit=1200%2C800&ssl=1&resize=350%2C200","width":350,"height":200,"srcset":"https:\/\/i0.wp.com\/laura-la-risa.de\/wp-content\/uploads\/2019\/08\/0580.jpg?fit=1200%2C800&ssl=1&resize=350%2C200 1x, https:\/\/i0.wp.com\/laura-la-risa.de\/wp-content\/uploads\/2019\/08\/0580.jpg?fit=1200%2C800&ssl=1&resize=525%2C300 1.5x, https:\/\/i0.wp.com\/laura-la-risa.de\/wp-content\/uploads\/2019\/08\/0580.jpg?fit=1200%2C800&ssl=1&resize=700%2C400 2x, https:\/\/i0.wp.com\/laura-la-risa.de\/wp-content\/uploads\/2019\/08\/0580.jpg?fit=1200%2C800&ssl=1&resize=1050%2C600 3x"},"classes":[]},{"id":30877,"url":"https:\/\/laura-la-risa.de\/es\/2-bata-de-cola-workshops","url_meta":{"origin":32164,"position":4},"title":"2 Bata de Cola Workshops","author":"Emilio","date":"25. enero 2020","format":false,"excerpt":"1. Alegrias mit Schlepperock F Alegrias con Bata de Cola F mit Laura la Risa Workshop f\u00fcr Fortgeschrittene Kursprogramm Alegrias mit Bata de Cola erfordert gute Kenntnisse \u00fcber den Palo und einige Erfahrung mit der Bata de Cola. Wir arbeiten an einer ganzen Choreografie.\u00a0\u00a0\u00a0\u00a0\u00a0\u00a0\u00a0\u00a0\u00a0\u00a0\u00a0\u00a0\u00a0\u00a0\u00a0\u00a0\u00a0\u00a0\u00a0\u00a0\u00a0\u00a0\u00a0\u00a0\u00a0\u00a0\u00a0\u00a0\u00a0\u00a0\u00a0\u00a0\u00a0\u00a0\u00a0\u00a0\u00a0\u00a0\u00a0\u00a0\u00a0\u00a0\u00a0\u00a0\u00a0\u00a0\u00a0\u00a0\u00a0\u00a0\u00a0\u00a0\u00a0\u00a0\u00a0\u00a0\u00a0\u00a0Eine Bata kann geliehen oder bei Bedarf\u2026","rel":"","context":"En \u00abWorkshop\u00bb","block_context":{"text":"Workshop","link":"https:\/\/laura-la-risa.de\/category\/workshop"},"img":{"alt_text":"Laura la Risa","src":"https:\/\/i0.wp.com\/laura-la-risa.de\/wp-content\/uploads\/2019\/06\/laura-la-risa-la-reina.jpg?fit=681%2C960&ssl=1&resize=350%2C200","width":350,"height":200,"srcset":"https:\/\/i0.wp.com\/laura-la-risa.de\/wp-content\/uploads\/2019\/06\/laura-la-risa-la-reina.jpg?fit=681%2C960&ssl=1&resize=350%2C200 1x, https:\/\/i0.wp.com\/laura-la-risa.de\/wp-content\/uploads\/2019\/06\/laura-la-risa-la-reina.jpg?fit=681%2C960&ssl=1&resize=525%2C300 1.5x"},"classes":[]},{"id":30811,"url":"https:\/\/laura-la-risa.de\/es\/2-halbjahr-im-a-compas","url_meta":{"origin":32164,"position":5},"title":"2. Halbjahr im a comp\u00e1s","author":"Emilio","date":"30. julio 2019","format":false,"excerpt":"Herzlich willkommen im 2. Halbjahr 2019 im a comp\u00e1s! Hier nun die wichtigsten News im \u00fcberblick: August Mo 05.08. Kursbeginn aller Kurse Achtung! Es gibt zwei Kinder Klassen! Sa 10.08. Beginn WS 1 \/M und WS 2 \/A f\u00fcr Bata de Cola Sa 10..08. Beginn \u201cTanzschritte\u201d f\u00fcr Menschen mit geistigen\u2026","rel":"","context":"En \u00abProgramm\u00bb","block_context":{"text":"Programm","link":"https:\/\/laura-la-risa.de\/category\/programm"},"img":{"alt_text":"Kurse f\u00fcr Kinder","src":"https:\/\/i0.wp.com\/laura-la-risa.de\/wp-content\/uploads\/2016\/09\/kurse-kinder.jpg?fit=640%2C640&ssl=1&resize=350%2C200","width":350,"height":200,"srcset":"https:\/\/i0.wp.com\/laura-la-risa.de\/wp-content\/uploads\/2016\/09\/kurse-kinder.jpg?fit=640%2C640&ssl=1&resize=350%2C200 1x, https:\/\/i0.wp.com\/laura-la-risa.de\/wp-content\/uploads\/2016\/09\/kurse-kinder.jpg?fit=640%2C640&ssl=1&resize=525%2C300 1.5x"},"classes":[]}],"jetpack_likes_enabled":true,"_links":{"self":[{"href":"https:\/\/laura-la-risa.de\/es\/wp-json\/wp\/v2\/posts\/32164","targetHints":{"allow":["GET"]}}],"collection":[{"href":"https:\/\/laura-la-risa.de\/es\/wp-json\/wp\/v2\/posts"}],"about":[{"href":"https:\/\/laura-la-risa.de\/es\/wp-json\/wp\/v2\/types\/post"}],"author":[{"embeddable":true,"href":"https:\/\/laura-la-risa.de\/es\/wp-json\/wp\/v2\/users\/1"}],"replies":[{"embeddable":true,"href":"https:\/\/laura-la-risa.de\/es\/wp-json\/wp\/v2\/comments?post=32164"}],"version-history":[{"count":2,"href":"https:\/\/laura-la-risa.de\/es\/wp-json\/wp\/v2\/posts\/32164\/revisions"}],"predecessor-version":[{"id":32170,"href":"https:\/\/laura-la-risa.de\/es\/wp-json\/wp\/v2\/posts\/32164\/revisions\/32170"}],"wp:featuredmedia":[{"embeddable":true,"href":"https:\/\/laura-la-risa.de\/es\/wp-json\/wp\/v2\/media\/32165"}],"wp:attachment":[{"href":"https:\/\/laura-la-risa.de\/es\/wp-json\/wp\/v2\/media?parent=32164"}],"wp:term":[{"taxonomy":"category","embeddable":true,"href":"https:\/\/laura-la-risa.de\/es\/wp-json\/wp\/v2\/categories?post=32164"},{"taxonomy":"post_tag","embeddable":true,"href":"https:\/\/laura-la-risa.de\/es\/wp-json\/wp\/v2\/tags?post=32164"}],"curies":[{"name":"wp","href":"https:\/\/api.w.org\/{rel}","templated":true}]}}