{"id":32793,"date":"2025-06-06T13:15:58","date_gmt":"2025-06-06T11:15:58","guid":{"rendered":"https:\/\/laura-la-risa.de\/?p=32793"},"modified":"2025-06-06T13:15:58","modified_gmt":"2025-06-06T11:15:58","slug":"flamenco-ole","status":"publish","type":"post","link":"https:\/\/laura-la-risa.de\/es\/flamenco-ole","title":{"rendered":"Flamenco Ol\u00e9"},"content":{"rendered":"<p data-start=\"103\" data-end=\"164\"><strong data-start=\"103\" data-end=\"164\">\u2728 Einladung zum Flamenco-Abend im Jagdschloss Grunewald \u2728<\/strong><\/p>\n<p data-start=\"166\" data-end=\"225\">Tauchen Sie ein in die leidenschaftliche Welt des Flamenco!<\/p>\n<p data-start=\"227\" data-end=\"305\"><strong data-start=\"227\" data-end=\"253\">Samstag, 14. Juni 2025<\/strong><br data-start=\"253\" data-end=\"256\" \/><strong data-start=\"256\" data-end=\"277\">18:00 \u2013 20:00 Uhr<\/strong><br data-start=\"277\" data-end=\"280\" \/><strong data-start=\"280\" data-end=\"305\">Jagdschloss Grunewald<\/strong><\/p>\n<p data-start=\"307\" data-end=\"475\">Erleben Sie die mitrei\u00dfende Darbietung von<br data-start=\"349\" data-end=\"352\" \/><strong data-start=\"352\" data-end=\"369\">Laura la Risa und<\/strong> <strong data-start=\"393\" data-end=\"423\">\u201eLas Perlas del a Comp\u00e1s\u201c<\/strong><br data-start=\"423\" data-end=\"426\" \/>unterst\u00fctzt von ihren talentierten Sch\u00fcler*innen.<\/p>\n<p data-start=\"477\" data-end=\"564\">Freuen Sie sich au\u00dferdem auf\u00a0<br data-start=\"523\" data-end=\"526\" \/><strong data-start=\"526\" data-end=\"545\">Mar\u00eda la Prenda<\/strong> &amp; <strong data-start=\"548\" data-end=\"563\">Valle Monje<\/strong>.<\/p>\n<p data-start=\"566\" data-end=\"708\">\ud83c\udf9f <strong data-start=\"569\" data-end=\"582\">Eintritt:<\/strong> 18 \u20ac | Erm\u00e4\u00dfigt: 15 \u20ac<br data-start=\"604\" data-end=\"607\" \/><strong data-start=\"607\" data-end=\"635\">Karten erh\u00e4ltlich unter:<\/strong><br data-start=\"635\" data-end=\"638\" \/><a class=\"\" href=\"https:\/\/schloss-grunewald.reservix.de\/\" target=\"_new\" rel=\"noopener\" data-start=\"638\" data-end=\"708\">schloss-grunewald.reservix.de<\/a><\/p>\n<p data-start=\"710\" data-end=\"818\">Ein Abend voller Rhythmus, Emotion und andalusischer Eleganz erwartet Sie \u2013 wir freuen uns auf Ihren Besuch!<\/p>\n","protected":false},"excerpt":{"rendered":"<p>\u2728 Einladung zum Flamenco-Abend im Jagdschloss Grunewald \u2728 Tauchen Sie ein in die leidenschaftliche Welt des Flamenco! Samstag, 14. Juni 202518:00 \u2013 20:00 UhrJagdschloss Grunewald Erleben Sie die mitrei\u00dfende Darbietung vonLaura la Risa und \u201eLas Perlas del a Comp\u00e1s\u201cunterst\u00fctzt von ihren talentierten Sch\u00fcler*innen. Freuen Sie sich au\u00dferdem auf\u00a0Mar\u00eda la Prenda &amp; Valle Monje. \ud83c\udf9f Eintritt: [&hellip;]<\/p>\n","protected":false},"author":1,"featured_media":32794,"comment_status":"closed","ping_status":"open","sticky":false,"template":"","format":"standard","meta":{"_et_pb_use_builder":"","_et_pb_old_content":"","_et_gb_content_width":"","_jetpack_memberships_contains_paid_content":false,"footnotes":"","jetpack_publicize_message":"","jetpack_publicize_feature_enabled":true,"jetpack_social_post_already_shared":true,"jetpack_social_options":{"image_generator_settings":{"template":"highway","default_image_id":0,"font":"","enabled":false},"version":2}},"categories":[11],"tags":[],"class_list":["post-32793","post","type-post","status-publish","format-standard","has-post-thumbnail","hentry","category-flamencoauftritt"],"yoast_head":"<!-- This site is optimized with the Yoast SEO plugin v26.8 - https:\/\/yoast.com\/product\/yoast-seo-wordpress\/ -->\n<title>Flamenco Ol\u00e9 - Laura la Risa<\/title>\n<meta name=\"robots\" content=\"index, follow, max-snippet:-1, max-image-preview:large, max-video-preview:-1\" \/>\n<link rel=\"canonical\" href=\"https:\/\/laura-la-risa.de\/es\/flamenco-ole\" \/>\n<meta property=\"og:locale\" content=\"es_ES\" \/>\n<meta property=\"og:type\" content=\"article\" \/>\n<meta property=\"og:title\" content=\"Flamenco Ol\u00e9 - Laura la Risa\" \/>\n<meta property=\"og:description\" content=\"\u2728 Einladung zum Flamenco-Abend im Jagdschloss Grunewald \u2728 Tauchen Sie ein in die leidenschaftliche Welt des Flamenco! Samstag, 14. Juni 202518:00 \u2013 20:00 UhrJagdschloss Grunewald Erleben Sie die mitrei\u00dfende Darbietung vonLaura la Risa und \u201eLas Perlas del a Comp\u00e1s\u201cunterst\u00fctzt von ihren talentierten Sch\u00fcler*innen. Freuen Sie sich au\u00dferdem auf\u00a0Mar\u00eda la Prenda &amp; Valle Monje. \ud83c\udf9f Eintritt: [&hellip;]\" \/>\n<meta property=\"og:url\" content=\"https:\/\/laura-la-risa.de\/flamenco-ole\" \/>\n<meta property=\"og:site_name\" content=\"Laura la Risa\" \/>\n<meta property=\"article:published_time\" content=\"2025-06-06T11:15:58+00:00\" \/>\n<meta property=\"og:image\" content=\"http:\/\/laura-la-risa.de\/wp-content\/uploads\/2025\/06\/Flamenco-Ole-auftritt.jpg\" \/>\n\t<meta property=\"og:image:width\" content=\"596\" \/>\n\t<meta property=\"og:image:height\" content=\"843\" \/>\n\t<meta property=\"og:image:type\" content=\"image\/jpeg\" \/>\n<meta name=\"author\" content=\"Emilio\" \/>\n<meta name=\"twitter:card\" content=\"summary_large_image\" \/>\n<meta name=\"twitter:label1\" content=\"Escrito por\" \/>\n\t<meta name=\"twitter:data1\" content=\"Emilio\" \/>\n\t<meta name=\"twitter:label2\" content=\"Tiempo de lectura\" \/>\n\t<meta name=\"twitter:data2\" content=\"1 minuto\" \/>\n<script type=\"application\/ld+json\" class=\"yoast-schema-graph\">{\"@context\":\"https:\/\/schema.org\",\"@graph\":[{\"@type\":\"Article\",\"@id\":\"https:\/\/laura-la-risa.de\/flamenco-ole#article\",\"isPartOf\":{\"@id\":\"https:\/\/laura-la-risa.de\/flamenco-ole\"},\"author\":{\"name\":\"Emilio\",\"@id\":\"https:\/\/laura-la-risa.de\/#\/schema\/person\/8d3e1554bc4fc353e0c34589d1ca1c7a\"},\"headline\":\"Flamenco Ol\u00e9\",\"datePublished\":\"2025-06-06T11:15:58+00:00\",\"mainEntityOfPage\":{\"@id\":\"https:\/\/laura-la-risa.de\/flamenco-ole\"},\"wordCount\":86,\"image\":{\"@id\":\"https:\/\/laura-la-risa.de\/flamenco-ole#primaryimage\"},\"thumbnailUrl\":\"https:\/\/i0.wp.com\/laura-la-risa.de\/wp-content\/uploads\/2025\/06\/Flamenco-Ole-auftritt.jpg?fit=596%2C843&ssl=1\",\"articleSection\":[\"Flamencoauftritt\"],\"inLanguage\":\"es\"},{\"@type\":\"WebPage\",\"@id\":\"https:\/\/laura-la-risa.de\/flamenco-ole\",\"url\":\"https:\/\/laura-la-risa.de\/flamenco-ole\",\"name\":\"Flamenco Ol\u00e9 - Laura la Risa\",\"isPartOf\":{\"@id\":\"https:\/\/laura-la-risa.de\/#website\"},\"primaryImageOfPage\":{\"@id\":\"https:\/\/laura-la-risa.de\/flamenco-ole#primaryimage\"},\"image\":{\"@id\":\"https:\/\/laura-la-risa.de\/flamenco-ole#primaryimage\"},\"thumbnailUrl\":\"https:\/\/i0.wp.com\/laura-la-risa.de\/wp-content\/uploads\/2025\/06\/Flamenco-Ole-auftritt.jpg?fit=596%2C843&ssl=1\",\"datePublished\":\"2025-06-06T11:15:58+00:00\",\"author\":{\"@id\":\"https:\/\/laura-la-risa.de\/#\/schema\/person\/8d3e1554bc4fc353e0c34589d1ca1c7a\"},\"breadcrumb\":{\"@id\":\"https:\/\/laura-la-risa.de\/flamenco-ole#breadcrumb\"},\"inLanguage\":\"es\",\"potentialAction\":[{\"@type\":\"ReadAction\",\"target\":[\"https:\/\/laura-la-risa.de\/flamenco-ole\"]}]},{\"@type\":\"ImageObject\",\"inLanguage\":\"es\",\"@id\":\"https:\/\/laura-la-risa.de\/flamenco-ole#primaryimage\",\"url\":\"https:\/\/i0.wp.com\/laura-la-risa.de\/wp-content\/uploads\/2025\/06\/Flamenco-Ole-auftritt.jpg?fit=596%2C843&ssl=1\",\"contentUrl\":\"https:\/\/i0.wp.com\/laura-la-risa.de\/wp-content\/uploads\/2025\/06\/Flamenco-Ole-auftritt.jpg?fit=596%2C843&ssl=1\",\"width\":596,\"height\":843},{\"@type\":\"BreadcrumbList\",\"@id\":\"https:\/\/laura-la-risa.de\/flamenco-ole#breadcrumb\",\"itemListElement\":[{\"@type\":\"ListItem\",\"position\":1,\"name\":\"Startseite\",\"item\":\"https:\/\/laura-la-risa.de\/es\"},{\"@type\":\"ListItem\",\"position\":2,\"name\":\"Flamenco Ol\u00e9\"}]},{\"@type\":\"WebSite\",\"@id\":\"https:\/\/laura-la-risa.de\/#website\",\"url\":\"https:\/\/laura-la-risa.de\/\",\"name\":\"Laura la Risa\",\"description\":\"flamenco puro\",\"potentialAction\":[{\"@type\":\"SearchAction\",\"target\":{\"@type\":\"EntryPoint\",\"urlTemplate\":\"https:\/\/laura-la-risa.de\/?s={search_term_string}\"},\"query-input\":{\"@type\":\"PropertyValueSpecification\",\"valueRequired\":true,\"valueName\":\"search_term_string\"}}],\"inLanguage\":\"es\"},{\"@type\":\"Person\",\"@id\":\"https:\/\/laura-la-risa.de\/#\/schema\/person\/8d3e1554bc4fc353e0c34589d1ca1c7a\",\"name\":\"Emilio\",\"image\":{\"@type\":\"ImageObject\",\"inLanguage\":\"es\",\"@id\":\"https:\/\/laura-la-risa.de\/#\/schema\/person\/image\/\",\"url\":\"https:\/\/secure.gravatar.com\/avatar\/71bf4ba9e8d4ab29e6a45a65e6fa217b?s=96&d=mm&r=g\",\"contentUrl\":\"https:\/\/secure.gravatar.com\/avatar\/71bf4ba9e8d4ab29e6a45a65e6fa217b?s=96&d=mm&r=g\",\"caption\":\"Emilio\"},\"url\":\"https:\/\/laura-la-risa.de\/es\/author\/emilio\"}]}<\/script>\n<!-- \/ Yoast SEO plugin. -->","yoast_head_json":{"title":"Flamenco Ol\u00e9 - Laura la Risa","robots":{"index":"index","follow":"follow","max-snippet":"max-snippet:-1","max-image-preview":"max-image-preview:large","max-video-preview":"max-video-preview:-1"},"canonical":"https:\/\/laura-la-risa.de\/es\/flamenco-ole","og_locale":"es_ES","og_type":"article","og_title":"Flamenco Ol\u00e9 - Laura la Risa","og_description":"\u2728 Einladung zum Flamenco-Abend im Jagdschloss Grunewald \u2728 Tauchen Sie ein in die leidenschaftliche Welt des Flamenco! Samstag, 14. Juni 202518:00 \u2013 20:00 UhrJagdschloss Grunewald Erleben Sie die mitrei\u00dfende Darbietung vonLaura la Risa und \u201eLas Perlas del a Comp\u00e1s\u201cunterst\u00fctzt von ihren talentierten Sch\u00fcler*innen. Freuen Sie sich au\u00dferdem auf\u00a0Mar\u00eda la Prenda &amp; Valle Monje. \ud83c\udf9f Eintritt: [&hellip;]","og_url":"https:\/\/laura-la-risa.de\/flamenco-ole","og_site_name":"Laura la Risa","article_published_time":"2025-06-06T11:15:58+00:00","og_image":[{"width":596,"height":843,"url":"http:\/\/laura-la-risa.de\/wp-content\/uploads\/2025\/06\/Flamenco-Ole-auftritt.jpg","type":"image\/jpeg"}],"author":"Emilio","twitter_card":"summary_large_image","twitter_misc":{"Escrito por":"Emilio","Tiempo de lectura":"1 minuto"},"schema":{"@context":"https:\/\/schema.org","@graph":[{"@type":"Article","@id":"https:\/\/laura-la-risa.de\/flamenco-ole#article","isPartOf":{"@id":"https:\/\/laura-la-risa.de\/flamenco-ole"},"author":{"name":"Emilio","@id":"https:\/\/laura-la-risa.de\/#\/schema\/person\/8d3e1554bc4fc353e0c34589d1ca1c7a"},"headline":"Flamenco Ol\u00e9","datePublished":"2025-06-06T11:15:58+00:00","mainEntityOfPage":{"@id":"https:\/\/laura-la-risa.de\/flamenco-ole"},"wordCount":86,"image":{"@id":"https:\/\/laura-la-risa.de\/flamenco-ole#primaryimage"},"thumbnailUrl":"https:\/\/i0.wp.com\/laura-la-risa.de\/wp-content\/uploads\/2025\/06\/Flamenco-Ole-auftritt.jpg?fit=596%2C843&ssl=1","articleSection":["Flamencoauftritt"],"inLanguage":"es"},{"@type":"WebPage","@id":"https:\/\/laura-la-risa.de\/flamenco-ole","url":"https:\/\/laura-la-risa.de\/flamenco-ole","name":"Flamenco Ol\u00e9 - Laura la Risa","isPartOf":{"@id":"https:\/\/laura-la-risa.de\/#website"},"primaryImageOfPage":{"@id":"https:\/\/laura-la-risa.de\/flamenco-ole#primaryimage"},"image":{"@id":"https:\/\/laura-la-risa.de\/flamenco-ole#primaryimage"},"thumbnailUrl":"https:\/\/i0.wp.com\/laura-la-risa.de\/wp-content\/uploads\/2025\/06\/Flamenco-Ole-auftritt.jpg?fit=596%2C843&ssl=1","datePublished":"2025-06-06T11:15:58+00:00","author":{"@id":"https:\/\/laura-la-risa.de\/#\/schema\/person\/8d3e1554bc4fc353e0c34589d1ca1c7a"},"breadcrumb":{"@id":"https:\/\/laura-la-risa.de\/flamenco-ole#breadcrumb"},"inLanguage":"es","potentialAction":[{"@type":"ReadAction","target":["https:\/\/laura-la-risa.de\/flamenco-ole"]}]},{"@type":"ImageObject","inLanguage":"es","@id":"https:\/\/laura-la-risa.de\/flamenco-ole#primaryimage","url":"https:\/\/i0.wp.com\/laura-la-risa.de\/wp-content\/uploads\/2025\/06\/Flamenco-Ole-auftritt.jpg?fit=596%2C843&ssl=1","contentUrl":"https:\/\/i0.wp.com\/laura-la-risa.de\/wp-content\/uploads\/2025\/06\/Flamenco-Ole-auftritt.jpg?fit=596%2C843&ssl=1","width":596,"height":843},{"@type":"BreadcrumbList","@id":"https:\/\/laura-la-risa.de\/flamenco-ole#breadcrumb","itemListElement":[{"@type":"ListItem","position":1,"name":"Startseite","item":"https:\/\/laura-la-risa.de\/es"},{"@type":"ListItem","position":2,"name":"Flamenco Ol\u00e9"}]},{"@type":"WebSite","@id":"https:\/\/laura-la-risa.de\/#website","url":"https:\/\/laura-la-risa.de\/","name":"Laura la Risa","description":"flamenco puro","potentialAction":[{"@type":"SearchAction","target":{"@type":"EntryPoint","urlTemplate":"https:\/\/laura-la-risa.de\/?s={search_term_string}"},"query-input":{"@type":"PropertyValueSpecification","valueRequired":true,"valueName":"search_term_string"}}],"inLanguage":"es"},{"@type":"Person","@id":"https:\/\/laura-la-risa.de\/#\/schema\/person\/8d3e1554bc4fc353e0c34589d1ca1c7a","name":"Emilio","image":{"@type":"ImageObject","inLanguage":"es","@id":"https:\/\/laura-la-risa.de\/#\/schema\/person\/image\/","url":"https:\/\/secure.gravatar.com\/avatar\/71bf4ba9e8d4ab29e6a45a65e6fa217b?s=96&d=mm&r=g","contentUrl":"https:\/\/secure.gravatar.com\/avatar\/71bf4ba9e8d4ab29e6a45a65e6fa217b?s=96&d=mm&r=g","caption":"Emilio"},"url":"https:\/\/laura-la-risa.de\/es\/author\/emilio"}]}},"jetpack_publicize_connections":[],"jetpack_featured_media_url":"https:\/\/i0.wp.com\/laura-la-risa.de\/wp-content\/uploads\/2025\/06\/Flamenco-Ole-auftritt.jpg?fit=596%2C843&ssl=1","jetpack_sharing_enabled":true,"jetpack_shortlink":"https:\/\/wp.me\/p972UP-8wV","jetpack-related-posts":[{"id":32805,"url":"https:\/\/laura-la-risa.de\/es\/flamenco-im-juni-2","url_meta":{"origin":32793,"position":0},"title":"Flamenco im Juni","author":"Emilio","date":"6. junio 2025","format":false,"excerpt":"Ihr Lieben, im Juni gibt es wieder viele Veranstaltungen zum dabei sein und Zuschauen: 1. Flamenco Ol\u00e9 - Laura la Risa y Compa\u00f1ia Sa 14.06.2025 18:00 - 20:00 Maria la Prenda, Valle Monje Jagdschloss Grunewald Karten: schloss-grunewald.reservix.de 2. \"Jerez en Berl\u00edn\" Tablao Flamenco Fr 20.06.2025 20:00 - 22:00 a comp\u00e1s\u2026","rel":"","context":"En \u00abProgramm\u00bb","block_context":{"text":"Programm","link":"https:\/\/laura-la-risa.de\/category\/programm"},"img":{"alt_text":"","src":"https:\/\/i0.wp.com\/laura-la-risa.de\/wp-content\/uploads\/2024\/01\/Laura-la-Risa-sevillanas-after-work-party.jpg?fit=800%2C800&ssl=1&resize=350%2C200","width":350,"height":200,"srcset":"https:\/\/i0.wp.com\/laura-la-risa.de\/wp-content\/uploads\/2024\/01\/Laura-la-Risa-sevillanas-after-work-party.jpg?fit=800%2C800&ssl=1&resize=350%2C200 1x, https:\/\/i0.wp.com\/laura-la-risa.de\/wp-content\/uploads\/2024\/01\/Laura-la-Risa-sevillanas-after-work-party.jpg?fit=800%2C800&ssl=1&resize=525%2C300 1.5x, https:\/\/i0.wp.com\/laura-la-risa.de\/wp-content\/uploads\/2024\/01\/Laura-la-Risa-sevillanas-after-work-party.jpg?fit=800%2C800&ssl=1&resize=700%2C400 2x"},"classes":[]},{"id":32368,"url":"https:\/\/laura-la-risa.de\/es\/kinderfestival","url_meta":{"origin":32793,"position":1},"title":"Kinderfestival","author":"Emilio","date":"1. junio 2024","format":false,"excerpt":"Kinderfestival im Jagdschloss Grunewald mit Laura la Risa, Ni\u00f1as y Flores am Sonntag, den 30.06.24 Ab 11:00 Uhr gibt es ein buntes Programm zum Zuschauen und mitmachen f\u00fcr Kinder und die ganze Familie! Jagdschloss Grunewald H\u00fcttenweg 100 14193 Berlin Veranstalter: Kinderzirkus Charlottenburg www.kinderzirkus-berlin.de","rel":"","context":"En \u00abFlamencoauftritt\u00bb","block_context":{"text":"Flamencoauftritt","link":"https:\/\/laura-la-risa.de\/category\/flamencoauftritt"},"img":{"alt_text":"","src":"https:\/\/i0.wp.com\/laura-la-risa.de\/wp-content\/uploads\/2024\/04\/kinderfestival.jpg?fit=849%2C1200&ssl=1&resize=350%2C200","width":350,"height":200,"srcset":"https:\/\/i0.wp.com\/laura-la-risa.de\/wp-content\/uploads\/2024\/04\/kinderfestival.jpg?fit=849%2C1200&ssl=1&resize=350%2C200 1x, https:\/\/i0.wp.com\/laura-la-risa.de\/wp-content\/uploads\/2024\/04\/kinderfestival.jpg?fit=849%2C1200&ssl=1&resize=525%2C300 1.5x, https:\/\/i0.wp.com\/laura-la-risa.de\/wp-content\/uploads\/2024\/04\/kinderfestival.jpg?fit=849%2C1200&ssl=1&resize=700%2C400 2x"},"classes":[]},{"id":32096,"url":"https:\/\/laura-la-risa.de\/es\/flamenco-im-juni","url_meta":{"origin":32793,"position":2},"title":"Flamenco im Juni","author":"Emilio","date":"3. junio 2023","format":false,"excerpt":"Hoppla! Grade war noch Karneval da ist der Juni schon da\u2026 Herzlichen Dank an alle, die dabei mitgewirkt\u2026","rel":"","context":"En \u00abProgramm\u00bb","block_context":{"text":"Programm","link":"https:\/\/laura-la-risa.de\/category\/programm"},"img":{"alt_text":"","src":"https:\/\/i0.wp.com\/laura-la-risa.de\/wp-content\/uploads\/2023\/06\/flamenco-laura-la-risa-manuel-reina.jpg?fit=960%2C638&ssl=1&resize=350%2C200","width":350,"height":200,"srcset":"https:\/\/i0.wp.com\/laura-la-risa.de\/wp-content\/uploads\/2023\/06\/flamenco-laura-la-risa-manuel-reina.jpg?fit=960%2C638&ssl=1&resize=350%2C200 1x, https:\/\/i0.wp.com\/laura-la-risa.de\/wp-content\/uploads\/2023\/06\/flamenco-laura-la-risa-manuel-reina.jpg?fit=960%2C638&ssl=1&resize=525%2C300 1.5x, https:\/\/i0.wp.com\/laura-la-risa.de\/wp-content\/uploads\/2023\/06\/flamenco-laura-la-risa-manuel-reina.jpg?fit=960%2C638&ssl=1&resize=700%2C400 2x"},"classes":[]},{"id":31761,"url":"https:\/\/laura-la-risa.de\/es\/kinderfestival-der-darstellenden-kuenste","url_meta":{"origin":32793,"position":3},"title":"Kinderfestival der Darstellenden K\u00fcnste","author":"Emilio","date":"24. junio 2022","format":false,"excerpt":"Am Sonntag den 26.06.22\u00a0um 11:00 Uhr er\u00f6ffnen wir das Kinderfestival der Darstellenden K\u00fcnste im Jagdschloss Grunewald. Der Eintritt ist frei!","rel":"","context":"En \u00abFlamencoauftritt\u00bb","block_context":{"text":"Flamencoauftritt","link":"https:\/\/laura-la-risa.de\/category\/flamencoauftritt"},"img":{"alt_text":"","src":"https:\/\/i0.wp.com\/laura-la-risa.de\/wp-content\/uploads\/2022\/06\/Kinderfestival-der-darstellenden-Kuenste.jpg?fit=490%2C640&ssl=1&resize=350%2C200","width":350,"height":200},"classes":[]},{"id":32412,"url":"https:\/\/laura-la-risa.de\/es\/veranstaltungen-und-termine-juni-september-2024","url_meta":{"origin":32793,"position":4},"title":"Veranstaltungen und Termine Juni-September 2024","author":"Emilio","date":"2. junio 2024","format":false,"excerpt":"Laura la Risa unda comp\u00e1s studio&locationFLAMENCO & KONZERTEEinlass jeweils eine Stunde vorBeginn..nat\u00fcrlich mit hausgemachtenTapas und Kuchen... 1. Sonntag, 16.06.2417:00 - 19:00DUO FINESCO \u2013 KonzertChristof Schill & Juliane WinklerFlamenco \u2013 spanische Folklore\u2026","rel":"","context":"En \u00abProgramm\u00bb","block_context":{"text":"Programm","link":"https:\/\/laura-la-risa.de\/category\/programm"},"img":{"alt_text":"","src":"https:\/\/i0.wp.com\/laura-la-risa.de\/wp-content\/uploads\/2021\/07\/flamenco-laura-la-risa.jpg?fit=1080%2C720&ssl=1&resize=350%2C200","width":350,"height":200,"srcset":"https:\/\/i0.wp.com\/laura-la-risa.de\/wp-content\/uploads\/2021\/07\/flamenco-laura-la-risa.jpg?fit=1080%2C720&ssl=1&resize=350%2C200 1x, https:\/\/i0.wp.com\/laura-la-risa.de\/wp-content\/uploads\/2021\/07\/flamenco-laura-la-risa.jpg?fit=1080%2C720&ssl=1&resize=525%2C300 1.5x, https:\/\/i0.wp.com\/laura-la-risa.de\/wp-content\/uploads\/2021\/07\/flamenco-laura-la-risa.jpg?fit=1080%2C720&ssl=1&resize=700%2C400 2x, https:\/\/i0.wp.com\/laura-la-risa.de\/wp-content\/uploads\/2021\/07\/flamenco-laura-la-risa.jpg?fit=1080%2C720&ssl=1&resize=1050%2C600 3x"},"classes":[]},{"id":32372,"url":"https:\/\/laura-la-risa.de\/es\/im-mai-viel-los","url_meta":{"origin":32793,"position":5},"title":"Im Mai viel los","author":"Emilio","date":"23. abril 2024","format":false,"excerpt":"Liebe Sch\u00fcler*innen, liebe Kinder, liebe Eltern, in den n\u00e4chsten Wochen ist viel los, wenn Ihr dabei sein m\u00f6chtet\u2026.. 1. \u00a012.05.24 Umzug G\u00e4rten der Welt 2. \u00a017.05.24 Geburtstagsfeier Laura im a comp\u00e1s 3. \u00a019.05.24 Gipsy Night (Karneval der Kulturen) im a comp\u00e1s 4. \u00a025.05.24 Tablao Fugaz Vorschau: 30.Juni Auftritt im Kinderfestival\u2026","rel":"","context":"En \u00abProgramm\u00bb","block_context":{"text":"Programm","link":"https:\/\/laura-la-risa.de\/category\/programm"},"img":{"alt_text":"","src":"","width":0,"height":0},"classes":[]}],"jetpack_likes_enabled":true,"_links":{"self":[{"href":"https:\/\/laura-la-risa.de\/es\/wp-json\/wp\/v2\/posts\/32793","targetHints":{"allow":["GET"]}}],"collection":[{"href":"https:\/\/laura-la-risa.de\/es\/wp-json\/wp\/v2\/posts"}],"about":[{"href":"https:\/\/laura-la-risa.de\/es\/wp-json\/wp\/v2\/types\/post"}],"author":[{"embeddable":true,"href":"https:\/\/laura-la-risa.de\/es\/wp-json\/wp\/v2\/users\/1"}],"replies":[{"embeddable":true,"href":"https:\/\/laura-la-risa.de\/es\/wp-json\/wp\/v2\/comments?post=32793"}],"version-history":[{"count":1,"href":"https:\/\/laura-la-risa.de\/es\/wp-json\/wp\/v2\/posts\/32793\/revisions"}],"predecessor-version":[{"id":32796,"href":"https:\/\/laura-la-risa.de\/es\/wp-json\/wp\/v2\/posts\/32793\/revisions\/32796"}],"wp:featuredmedia":[{"embeddable":true,"href":"https:\/\/laura-la-risa.de\/es\/wp-json\/wp\/v2\/media\/32794"}],"wp:attachment":[{"href":"https:\/\/laura-la-risa.de\/es\/wp-json\/wp\/v2\/media?parent=32793"}],"wp:term":[{"taxonomy":"category","embeddable":true,"href":"https:\/\/laura-la-risa.de\/es\/wp-json\/wp\/v2\/categories?post=32793"},{"taxonomy":"post_tag","embeddable":true,"href":"https:\/\/laura-la-risa.de\/es\/wp-json\/wp\/v2\/tags?post=32793"}],"curies":[{"name":"wp","href":"https:\/\/api.w.org\/{rel}","templated":true}]}}